{"id":9462,"date":"2017-09-08T22:48:28","date_gmt":"2017-09-08T22:48:28","guid":{"rendered":"http:\/\/centralmedia.rs\/?p=9462"},"modified":"2017-09-08T22:48:28","modified_gmt":"2017-09-08T22:48:28","slug":"izadji-mi-na-teglu-u-cupriji-pobednik-porodica-trujic-iz-isakova","status":"publish","type":"post","link":"https:\/\/centralmedia.rs\/index.php\/2017\/09\/08\/izadji-mi-na-teglu-u-cupriji-pobednik-porodica-trujic-iz-isakova\/","title":{"rendered":"IZA\u0110I MI NA TEGLU U \u0106UPRIJI &#8211; POBEDNIK PORODICA TRUJI\u0106 IZ ISAKOVA"},"content":{"rendered":"<p>\u0106UPRIJA-Porodica Truji\u0107 iz Isakova pripremila je najbolji ajvar od paprike na takmi\u010denju ,,Iza\u0111i mi na teglu&#8221; u Moravskom parku u \u0106upriji. Drugo mesto zauzela je ekipa Mijatova\u010dki dukat, a tre\u0107e Vrelo iz Kovanice.<a href=\"https:\/\/centralmedia.rs\/wp-content\/uploads\/2017\/09\/paprike.jpg\"><img loading=\"lazy\" decoding=\"async\" class=\"alignright size-medium wp-image-9466\" src=\"https:\/\/centralmedia.rs\/wp-content\/uploads\/2017\/09\/paprike-300x169.jpg\" alt=\"\" width=\"300\" height=\"169\" srcset=\"https:\/\/centralmedia.rs\/wp-content\/uploads\/2017\/09\/paprike-300x169.jpg 300w, https:\/\/centralmedia.rs\/wp-content\/uploads\/2017\/09\/paprike-768x432.jpg 768w, https:\/\/centralmedia.rs\/wp-content\/uploads\/2017\/09\/paprike.jpg 960w\" sizes=\"(max-width: 300px) 100vw, 300px\" \/><\/a><\/p>\n<p>-Dobra paprika, so, \u0161e\u0107er, zejtin i sir\u0107e su sastojici pobedni\u010dkog ajvara, nema tu neke tajne,sem mo\u017eda iskustva prilikom upr\u017eavanja, rekao je Franko Truji\u0107 koji je sa suprugom, ocem i majkom pripremio pobedni\u010dki ajvar.<\/p>\n<p>Truji\u0107ima je pripao ,,smederevac&#8221; kao nagrada za najbolji ajvar.<a href=\"https:\/\/centralmedia.rs\/wp-content\/uploads\/2017\/09\/ajvar.jpg\"><img loading=\"lazy\" decoding=\"async\" class=\"alignright size-medium wp-image-9465\" src=\"https:\/\/centralmedia.rs\/wp-content\/uploads\/2017\/09\/ajvar-167x300.jpg\" alt=\"\" width=\"167\" height=\"300\" srcset=\"https:\/\/centralmedia.rs\/wp-content\/uploads\/2017\/09\/ajvar-167x300.jpg 167w, https:\/\/centralmedia.rs\/wp-content\/uploads\/2017\/09\/ajvar.jpg 533w\" sizes=\"(max-width: 167px) 100vw, 167px\" \/><\/a><\/p>\n<p>-Na\u0161a namera je da se \u0106upri\u010dani lepo provedu, budu zadovoljni i sre\u0107ni \u0161to \u017eive u ovom gradu. Danas je bilo lepo u Moravskom parku, sve generacije su se dru\u017eile, mislim da smo uspeli u na\u0161oj zamisli, rekao je predsednik te op\u0161tine Ninoslav Eri\u0107.<\/p>\n<p>U jo\u0161 nekoliko gradova bi\u0107e dor\u017eano kvalifikaciono takmi\u010denje u spravljanju ajvara, dok je finale predvi\u0111eno u Soko Banji.<\/p>\n<p>&nbsp;<\/p>\n","protected":false},"excerpt":{"rendered":"<p>\u0106UPRIJA-Porodica Truji\u0107 iz Isakova pripremila je najbolji ajvar od paprike na takmi\u010denju ,,Iza\u0111i mi na teglu&#8221; u Moravskom parku u \u0106upriji. Drugo mesto zauzela je &hellip; <\/p>\n","protected":false},"author":4,"featured_media":9464,"comment_status":"open","ping_status":"open","sticky":false,"template":"","format":"standard","meta":{"footnotes":""},"categories":[1515,1524,2,887,16,12],"tags":[44,2287,2286],"_links":{"self":[{"href":"https:\/\/centralmedia.rs\/index.php\/wp-json\/wp\/v2\/posts\/9462"}],"collection":[{"href":"https:\/\/centralmedia.rs\/index.php\/wp-json\/wp\/v2\/posts"}],"about":[{"href":"https:\/\/centralmedia.rs\/index.php\/wp-json\/wp\/v2\/types\/post"}],"author":[{"embeddable":true,"href":"https:\/\/centralmedia.rs\/index.php\/wp-json\/wp\/v2\/users\/4"}],"replies":[{"embeddable":true,"href":"https:\/\/centralmedia.rs\/index.php\/wp-json\/wp\/v2\/comments?post=9462"}],"version-history":[{"count":1,"href":"https:\/\/centralmedia.rs\/index.php\/wp-json\/wp\/v2\/posts\/9462\/revisions"}],"predecessor-version":[{"id":9467,"href":"https:\/\/centralmedia.rs\/index.php\/wp-json\/wp\/v2\/posts\/9462\/revisions\/9467"}],"wp:featuredmedia":[{"embeddable":true,"href":"https:\/\/centralmedia.rs\/index.php\/wp-json\/wp\/v2\/media\/9464"}],"wp:attachment":[{"href":"https:\/\/centralmedia.rs\/index.php\/wp-json\/wp\/v2\/media?parent=9462"}],"wp:term":[{"taxonomy":"category","embeddable":true,"href":"https:\/\/centralmedia.rs\/index.php\/wp-json\/wp\/v2\/categories?post=9462"},{"taxonomy":"post_tag","embeddable":true,"href":"https:\/\/centralmedia.rs\/index.php\/wp-json\/wp\/v2\/tags?post=9462"}],"curies":[{"name":"wp","href":"https:\/\/api.w.org\/{rel}","templated":true}]}}