{"id":9496,"date":"2017-09-10T19:16:06","date_gmt":"2017-09-10T19:16:06","guid":{"rendered":"http:\/\/centralmedia.rs\/?p=9496"},"modified":"2017-09-10T19:16:06","modified_gmt":"2017-09-10T19:16:06","slug":"prva-skola-matematike-u-jagodini-skola-koja-resava-probleme-na-kvadrat","status":"publish","type":"post","link":"https:\/\/centralmedia.rs\/index.php\/2017\/09\/10\/prva-skola-matematike-u-jagodini-skola-koja-resava-probleme-na-kvadrat\/","title":{"rendered":"PRVA \u0160KOLA MATEMATIKE U JAGODINI &#8211; \u0160KOLA KOJA RE\u0160AVA PROBLEME NA KVADRAT"},"content":{"rendered":"<p>JAGODINA-\u0160kola matematike ,,NA KVADRAT&#8221;, koja je ju\u010de u Tr\u017enom centru \u017dIR u Jagodini sve\u010dano otvorena, \u00a0prva je jagodinska \u0161kola matematike i namenjena \u00a0svim uzrastima polaznika, od pred\u0161kolaca i osnovaca do srednjo\u0161kolaca i studenata.\u00a0\u0160kola\u00a0nudi programe kojima se najmla\u0111i uvode u svet matematike, pomo\u0107 u savladavanju \u0161kolskog gradiva, dodatni rad sa nadarenim u\u010denicima, pripreme za polaganje zavr\u0161nog ispita i polaganje prijemnih ispita na fakultetima, kao i pomo\u0107 u spremanju ispita.<\/p>\n<p>\u201cMatematiku nije lako zavoleti, ali ba\u0161 tome i slu\u017ei na\u0161a \u0161kola.\u00a0Na\u0161a vizija je \u0161kola u kojoj se pita i analizira. Matematika nije samo\u00a0sabiranje i mno\u017eenje, brzo oduzimanje i deljenje. Matematikom razvijamo logiku, treniramo um, re\u0161avamo figure i probleme. Tako da je NA KVADRAT jedina \u0161kola koja re\u0161ave probleme\u201d,\u00a0ka\u017ee vlasnik \u0161kole Velibor Velja Todorovi\u0107, profesor matematike \u010diji su u\u010denici na dr\u017eavnim takmi\u010denjima iz matematike do sada osvojili preko 20 nagrada. U \u0161koli \u0107e, sem njega, predavati i\u00a0Darija Sojevi\u0107-Todorovi\u0107,\u00a0master matemati\u010dar i Ivica Horvati\u0107, u\u010ditelj koji u svim generacijama ima u\u010denike koji su osvajali jedno od prva tri mesta na najvi\u0161im nivoima takmi\u010denja.<\/p>\n<p>I grupni i individualni \u010dasovi u \u0160koli matematike NA KVADRAT bi\u0107e odr\u017eavani u adekvatno opremnjenim prostorijama \u0161kole na drugom spratu TC \u017dIR. Svi \u010dasovi u drugoj polovini septembra bi\u0107e besplatni, pa svi zaiunteresovani imaju mogu da posete \u0161kolu I rezervi\u0161u svoje mesto.<\/p>\n<p>&nbsp;<\/p>\n","protected":false},"excerpt":{"rendered":"<p>JAGODINA-\u0160kola matematike ,,NA KVADRAT&#8221;, koja je ju\u010de u Tr\u017enom centru \u017dIR u Jagodini sve\u010dano otvorena, \u00a0prva je jagodinska \u0161kola matematike i namenjena \u00a0svim uzrastima polaznika, &hellip; <\/p>\n","protected":false},"author":4,"featured_media":9498,"comment_status":"open","ping_status":"open","sticky":false,"template":"","format":"standard","meta":{"footnotes":""},"categories":[14,1524,2,1514,12],"tags":[58,2294],"_links":{"self":[{"href":"https:\/\/centralmedia.rs\/index.php\/wp-json\/wp\/v2\/posts\/9496"}],"collection":[{"href":"https:\/\/centralmedia.rs\/index.php\/wp-json\/wp\/v2\/posts"}],"about":[{"href":"https:\/\/centralmedia.rs\/index.php\/wp-json\/wp\/v2\/types\/post"}],"author":[{"embeddable":true,"href":"https:\/\/centralmedia.rs\/index.php\/wp-json\/wp\/v2\/users\/4"}],"replies":[{"embeddable":true,"href":"https:\/\/centralmedia.rs\/index.php\/wp-json\/wp\/v2\/comments?post=9496"}],"version-history":[{"count":1,"href":"https:\/\/centralmedia.rs\/index.php\/wp-json\/wp\/v2\/posts\/9496\/revisions"}],"predecessor-version":[{"id":9499,"href":"https:\/\/centralmedia.rs\/index.php\/wp-json\/wp\/v2\/posts\/9496\/revisions\/9499"}],"wp:featuredmedia":[{"embeddable":true,"href":"https:\/\/centralmedia.rs\/index.php\/wp-json\/wp\/v2\/media\/9498"}],"wp:attachment":[{"href":"https:\/\/centralmedia.rs\/index.php\/wp-json\/wp\/v2\/media?parent=9496"}],"wp:term":[{"taxonomy":"category","embeddable":true,"href":"https:\/\/centralmedia.rs\/index.php\/wp-json\/wp\/v2\/categories?post=9496"},{"taxonomy":"post_tag","embeddable":true,"href":"https:\/\/centralmedia.rs\/index.php\/wp-json\/wp\/v2\/tags?post=9496"}],"curies":[{"name":"wp","href":"https:\/\/api.w.org\/{rel}","templated":true}]}}