{"id":9510,"date":"2017-09-13T13:21:13","date_gmt":"2017-09-13T13:21:13","guid":{"rendered":"http:\/\/centralmedia.rs\/?p=9510"},"modified":"2017-09-13T13:22:40","modified_gmt":"2017-09-13T13:22:40","slug":"policija-tuzilastvo-tragaju-za-profesionalcem-pucao-u-srce-zatim-overio-mladog-advokata","status":"publish","type":"post","link":"https:\/\/centralmedia.rs\/index.php\/2017\/09\/13\/policija-tuzilastvo-tragaju-za-profesionalcem-pucao-u-srce-zatim-overio-mladog-advokata\/","title":{"rendered":"POLICIJA I TU\u017dILA\u0160TVO TRAGAJU ZA PROFESIONALCEM &#8211; PUCAO U SRCE A ZATIM ,,OVERIO&#8221; MLADOG ADVOKATA"},"content":{"rendered":"<p>JAGODINA-Prema nezvani\u010dnim indicijama, ubistvo Nemanje Stojanovi\u0107a (27) iz Jagodine delo je profesionalnog ubice, koji je u ,,sa\u010deku\u0161i&#8221; ispalio tri hica u mladi\u0107a u grudi i glavu, dok je motiv za \u00a0najte\u017ee krivi\u010dno delo potpuno nepoznat, \u010dak o tome ne mo\u017ee ni da se naga\u0111a. Vi\u0161e javno tu\u017eila\u0161tvo nalo\u017eilo je preduzimanje istra\u017enih radnji policiji i ve\u0161tacima, obavljena je obdukcija tela. U saop\u0161tenju tog tu\u017eila\u0161tva se navodi da je Nemanja Stojanovi\u0107 ubijen upotrebom vatrenog oru\u017eja oko 2.45 ispred ulaza u stambenu zgradu u ulici Bra\u0107e Dirak u Jagodini. Izvr\u0161ilac nije poznat.<\/p>\n<p>-Sigurno je profesionalano ubistvo, nema govora. Ako znamo kakav je bio pokojni mladi\u0107, odnosno da nema mrlju, motiv je vrlo diskutabilan najbla\u017ee re\u010deno, pri\u010daju upu\u0107eni u istragu oko ubistva.<\/p>\n<div id='gallery-1' class='gallery galleryid-9510 gallery-columns-5 gallery-size-thumbnail'><figure class='gallery-item'>\n\t\t\t<div class='gallery-icon landscape'>\n\t\t\t\t<a href='https:\/\/centralmedia.rs\/index.php\/2017\/09\/13\/policija-tuzilastvo-tragaju-za-profesionalcem-pucao-u-srce-zatim-overio-mladog-advokata\/advokati-1\/'><img loading=\"lazy\" decoding=\"async\" width=\"150\" height=\"150\" src=\"https:\/\/centralmedia.rs\/wp-content\/uploads\/2017\/09\/advokati-1-150x150.jpg\" class=\"attachment-thumbnail size-thumbnail\" alt=\"\" \/><\/a>\n\t\t\t<\/div><\/figure><figure class='gallery-item'>\n\t\t\t<div class='gallery-icon landscape'>\n\t\t\t\t<a href='https:\/\/centralmedia.rs\/index.php\/2017\/09\/13\/policija-tuzilastvo-tragaju-za-profesionalcem-pucao-u-srce-zatim-overio-mladog-advokata\/advokati-2\/'><img loading=\"lazy\" decoding=\"async\" width=\"150\" height=\"150\" src=\"https:\/\/centralmedia.rs\/wp-content\/uploads\/2017\/09\/advokati-2-150x150.jpg\" class=\"attachment-thumbnail size-thumbnail\" alt=\"\" \/><\/a>\n\t\t\t<\/div><\/figure><figure class='gallery-item'>\n\t\t\t<div class='gallery-icon landscape'>\n\t\t\t\t<a href='https:\/\/centralmedia.rs\/index.php\/2017\/09\/13\/policija-tuzilastvo-tragaju-za-profesionalcem-pucao-u-srce-zatim-overio-mladog-advokata\/advokati\/'><img loading=\"lazy\" decoding=\"async\" width=\"150\" height=\"150\" src=\"https:\/\/centralmedia.rs\/wp-content\/uploads\/2017\/09\/advokati-150x150.jpg\" class=\"attachment-thumbnail size-thumbnail\" alt=\"\" \/><\/a>\n\t\t\t<\/div><\/figure><figure class='gallery-item'>\n\t\t\t<div class='gallery-icon landscape'>\n\t\t\t\t<a href='https:\/\/centralmedia.rs\/index.php\/2017\/09\/13\/policija-tuzilastvo-tragaju-za-profesionalcem-pucao-u-srce-zatim-overio-mladog-advokata\/momcilo-jovanovic\/'><img loading=\"lazy\" decoding=\"async\" width=\"150\" height=\"150\" src=\"https:\/\/centralmedia.rs\/wp-content\/uploads\/2017\/09\/momcilo-jovanovic-150x150.jpg\" class=\"attachment-thumbnail size-thumbnail\" alt=\"\" \/><\/a>\n\t\t\t<\/div><\/figure><figure class='gallery-item'>\n\t\t\t<div class='gallery-icon portrait'>\n\t\t\t\t<a href='https:\/\/centralmedia.rs\/index.php\/2017\/09\/13\/policija-tuzilastvo-tragaju-za-profesionalcem-pucao-u-srce-zatim-overio-mladog-advokata\/ubistvo-8\/'><img loading=\"lazy\" decoding=\"async\" width=\"150\" height=\"150\" src=\"https:\/\/centralmedia.rs\/wp-content\/uploads\/2017\/09\/ubistvo-8-150x150.jpg\" class=\"attachment-thumbnail size-thumbnail\" alt=\"\" \/><\/a>\n\t\t\t<\/div><\/figure>\n\t\t<\/div>\n\n<p>Vi\u0161e od 100 advokata, sudija i tu\u017eioca iz Kragujevca, Despotovca i Jagodine organizovali su protestno okupljanje ispred Vi\u0161eg suda u Jagodini. Oni su danas obustavil rad, najvaljuju da \u0107e obustava trajati i u \u010detvrtak i petak, do dobijanja zvani\u010dnih informacija o ubistvu.<\/p>\n<p>-Mladi\u0107 je izgubio \u017eivot u brutalnoj sa\u010deku\u0161i za koju, siguran sam, on nije mogao da bude povod, a ni njegovi roditelji. Niko nema ideju \u0161ta je uzrok svemu ovome. \u00a0Ovo je stra\u0161na tragedija koja je pogodila nas li\u010dno i profesiju. Dete staro 26 godina, koje je ubijeno na pragu svoje ku\u0107e bez bilo kakvog znanog ili neznanog razloga. O\u010dekujemo da Advokatska komore donese zaklju\u010dke o obustavi rada do otkrivanja u\u010dinioca ili razja\u0161njenja slu\u010daja. Ovo je ne\u0161to ne\u010duveno, jer se radi o kolegi koji je za par nedelja\u00a0 trebalo da pola\u017ee pravosudni ispit i koji nije imao problema nikada u \u017eivotu, ni sa bilo kim, a dokaz je ovaj broj ljudi koji je na protestu, rekao je advokat Mom\u010dilo Jovanovi\u0107 koji se obratio prisutnima.<\/p>\n<p>Zbog pogor\u0161anog zdravstvenog stanja otac i majka ubijenog mladi\u0107a, zatra\u017eili su pomo\u0107 lekara, od bola oni nisu u stanju da razgovaraju.<\/p>\n","protected":false},"excerpt":{"rendered":"<p>JAGODINA-Prema nezvani\u010dnim indicijama, ubistvo Nemanje Stojanovi\u0107a (27) iz Jagodine delo je profesionalnog ubice, koji je u ,,sa\u010deku\u0161i&#8221; ispalio tri hica u mladi\u0107a u grudi i &hellip; <\/p>\n","protected":false},"author":4,"featured_media":9502,"comment_status":"open","ping_status":"open","sticky":false,"template":"","format":"standard","meta":{"footnotes":""},"categories":[1524,20,2,1514],"tags":[58,2296,2297],"_links":{"self":[{"href":"https:\/\/centralmedia.rs\/index.php\/wp-json\/wp\/v2\/posts\/9510"}],"collection":[{"href":"https:\/\/centralmedia.rs\/index.php\/wp-json\/wp\/v2\/posts"}],"about":[{"href":"https:\/\/centralmedia.rs\/index.php\/wp-json\/wp\/v2\/types\/post"}],"author":[{"embeddable":true,"href":"https:\/\/centralmedia.rs\/index.php\/wp-json\/wp\/v2\/users\/4"}],"replies":[{"embeddable":true,"href":"https:\/\/centralmedia.rs\/index.php\/wp-json\/wp\/v2\/comments?post=9510"}],"version-history":[{"count":3,"href":"https:\/\/centralmedia.rs\/index.php\/wp-json\/wp\/v2\/posts\/9510\/revisions"}],"predecessor-version":[{"id":9518,"href":"https:\/\/centralmedia.rs\/index.php\/wp-json\/wp\/v2\/posts\/9510\/revisions\/9518"}],"wp:featuredmedia":[{"embeddable":true,"href":"https:\/\/centralmedia.rs\/index.php\/wp-json\/wp\/v2\/media\/9502"}],"wp:attachment":[{"href":"https:\/\/centralmedia.rs\/index.php\/wp-json\/wp\/v2\/media?parent=9510"}],"wp:term":[{"taxonomy":"category","embeddable":true,"href":"https:\/\/centralmedia.rs\/index.php\/wp-json\/wp\/v2\/categories?post=9510"},{"taxonomy":"post_tag","embeddable":true,"href":"https:\/\/centralmedia.rs\/index.php\/wp-json\/wp\/v2\/tags?post=9510"}],"curies":[{"name":"wp","href":"https:\/\/api.w.org\/{rel}","templated":true}]}}