{"id":9529,"date":"2017-09-13T22:44:21","date_gmt":"2017-09-13T22:44:21","guid":{"rendered":"http:\/\/centralmedia.rs\/?p=9529"},"modified":"2017-09-13T22:44:21","modified_gmt":"2017-09-13T22:44:21","slug":"projektno-finansiranje-medija-utvrdjivanje-modela-u-paracinu-svilajncu-sapcu","status":"publish","type":"post","link":"https:\/\/centralmedia.rs\/index.php\/2017\/09\/13\/projektno-finansiranje-medija-utvrdjivanje-modela-u-paracinu-svilajncu-sapcu\/","title":{"rendered":"PROJEKTNO FINANSIRANJE MEDIJA &#8211; UTVR\u0110IVANJE MODELA U PARA\u0106INU, SVILAJNCU I \u0160APCU"},"content":{"rendered":"<p>PARA\u0106IN-Nezavisno udru\u017eenje novinara Srbije realizuje projekat ,,Mehanizam utvr\u0111ivanja javnog interesa na lokalnom nivou\u201di izabrali su Para\u0107in, Svilajnac i \u0160abac, odnosno tri lokalne samouprave u Srbiji koje \u0107e definisati modele utvr\u0111ivanja javnog interesa.<\/p>\n<p>-Re\u010d je o tome da se u dogovoru sa lokalnim samoupravama oni koji su zainteresovani da nametnu teme od interesa za sve vas u Para\u0107inu, Svilajncu ili \u0160apcu.Ova tri grada odabrali smo za realizaciju projekata, sasvim slu\u010dajno ni u jednom ova tri grada nije na vlasti SNS. Namera nam je da u ovim op\u0161tinam uspostavimo mehanizam i da oine budu primer kako se jedna va\u017ena tema mo\u017ee ralizovati, rekao je predsednik NUNS Slavi\u0161a Leki\u0107 na tribini u Para\u0107inu.<\/p>\n<p>Monitoring novinarskih organizacija pokazuje da \u010desto prolaze projekti koji se ne bave javnim interesom, zato je NUNS pokrenuo projekat ,,Mehanizam utvr\u0111ivanja javnog interesa na lokalnom nivou\u201d.<\/p>\n<p>-Od 2015 godine po\u010delo je projektno finansiranje medija putem konkursa, nezavisne stru\u010dne komisije odlu\u010duju o tim projektima. Me\u0111utim, to ne ide u praksi najbolje, konstatovao je generalni sekretar NUNS Svetozar Rakovi\u0107.<\/p>\n<p>Zakonom o javnom informisanju i medijima predvi\u0111eno je konkursno sufinansiranje medijskih sadr\u017eaja u javnom informisanju. Primarna svrha bud\u017eetske podr\u0161ke projektnim aktivnostima medija je da omogu\u0107i svim gra\u0111anima da ostvare svoje pravo na istinito, potpuno, pravovremeno i nepristrasno informisanje<\/p>\n","protected":false},"excerpt":{"rendered":"<p>PARA\u0106IN-Nezavisno udru\u017eenje novinara Srbije realizuje projekat ,,Mehanizam utvr\u0111ivanja javnog interesa na lokalnom nivou\u201di izabrali su Para\u0107in, Svilajnac i \u0160abac, odnosno tri lokalne samouprave u Srbiji &hellip; <\/p>\n","protected":false},"author":4,"featured_media":9530,"comment_status":"open","ping_status":"open","sticky":false,"template":"","format":"standard","meta":{"footnotes":""},"categories":[14,1524,2,1516,887,12],"tags":[156,2300],"_links":{"self":[{"href":"https:\/\/centralmedia.rs\/index.php\/wp-json\/wp\/v2\/posts\/9529"}],"collection":[{"href":"https:\/\/centralmedia.rs\/index.php\/wp-json\/wp\/v2\/posts"}],"about":[{"href":"https:\/\/centralmedia.rs\/index.php\/wp-json\/wp\/v2\/types\/post"}],"author":[{"embeddable":true,"href":"https:\/\/centralmedia.rs\/index.php\/wp-json\/wp\/v2\/users\/4"}],"replies":[{"embeddable":true,"href":"https:\/\/centralmedia.rs\/index.php\/wp-json\/wp\/v2\/comments?post=9529"}],"version-history":[{"count":1,"href":"https:\/\/centralmedia.rs\/index.php\/wp-json\/wp\/v2\/posts\/9529\/revisions"}],"predecessor-version":[{"id":9531,"href":"https:\/\/centralmedia.rs\/index.php\/wp-json\/wp\/v2\/posts\/9529\/revisions\/9531"}],"wp:featuredmedia":[{"embeddable":true,"href":"https:\/\/centralmedia.rs\/index.php\/wp-json\/wp\/v2\/media\/9530"}],"wp:attachment":[{"href":"https:\/\/centralmedia.rs\/index.php\/wp-json\/wp\/v2\/media?parent=9529"}],"wp:term":[{"taxonomy":"category","embeddable":true,"href":"https:\/\/centralmedia.rs\/index.php\/wp-json\/wp\/v2\/categories?post=9529"},{"taxonomy":"post_tag","embeddable":true,"href":"https:\/\/centralmedia.rs\/index.php\/wp-json\/wp\/v2\/tags?post=9529"}],"curies":[{"name":"wp","href":"https:\/\/api.w.org\/{rel}","templated":true}]}}