{"id":9532,"date":"2017-09-13T23:06:41","date_gmt":"2017-09-13T23:06:41","guid":{"rendered":"http:\/\/centralmedia.rs\/?p=9532"},"modified":"2017-09-13T23:06:41","modified_gmt":"2017-09-13T23:06:41","slug":"pozorisni-festival-za-decu-u-prirodnjackom-centru-u-svilajncu","status":"publish","type":"post","link":"https:\/\/centralmedia.rs\/index.php\/2017\/09\/13\/pozorisni-festival-za-decu-u-prirodnjackom-centru-u-svilajncu\/","title":{"rendered":"POZORI\u0160NI FESTIVAL ZA DECU U PRIRODNJA\u010cKOM CENTRU U SVILAJNCU"},"content":{"rendered":"<p>Prirodnja\u010dki centar Srbije u Svilajncu organizuje POZORI\u0160NI FESTIVAL ZA DECU.U dino parku Prirodnja\u010dkog centra Srbije Svilajnac 15. 16. i 17.septembra 2017. godine bogat i edukativan program za decu u terminima od 17:00 i 18:15.<\/p>\n<blockquote><p>DOVEDITE MALI\u0160ANE DA U\u017dIVAJU U PREDSTAVAMA NA OTVORENOM OKRU\u017dENI DINOSAURUSIMA.O\u010cEKUJU VAS MA\u0110IONI\u010cARSKI TRIKOVI, PUNO ZABAVE I SMEHA, PLES I EDUKACIJA I SVE TO NA JEDNOM MESTU.<\/p><\/blockquote>\n<p>Festival po\u010dinje 15.09.2017. od 17:00 spektakularnim ma\u0111ini\u010darskim \u0161ouom Trifunov Igora, najuspe\u0161nijeg ma\u0111ioni\u010dara i iluzioniste novije generacije.Program se nastavlja od 18:15 predstavom \u201eTu\u017eno pa\u010de\u201c de\u010dijeg pozori\u0161ta Teatri\u0107 iz Beograda.Drugi dan festivala oboga\u0107en je edukativnom i interaktivnom predstavom od 17:00 \u201eIspeci pa reci\u201c i od 18:15 \u201eKo se boji vuka jo\u0161?\u201c de\u010dijeg pozori\u0161ta Talija iz Beograda. Festival pozori\u0161ta za decu zavr\u0161ava se u nedelju kada su na programu plesne predstave\u201eAladin\u201c i \u201ePetar Pan\u201c u izvo\u0111enju UNA SAGA SERBICA od 17:00 i 18:15.<\/p>\n<p>&nbsp;<\/p>\n<p><u>Cene karata za Festival pozori\u0161ta za decu:<\/u><\/p>\n<p>&nbsp;<\/p>\n<p>300,00 dinara \u2013 dnevna karta (va\u017ei za obe predstave)<\/p>\n<p>500,00 dinara \u2013 komplet karata za sve dane festivala (6 predstava).<\/p>\n<p>&nbsp;<\/p>\n<p>Vi\u0161e informacija potra\u017eite na sajtu <a href=\"http:\/\/www.prirodnjackicentar.rs\">www.prirodnjackicentar.rs<\/a><\/p>\n<p>Ili na telefone: 035\/88-14-001<\/p>\n<p>035\/88-14-000<\/p>\n","protected":false},"excerpt":{"rendered":"<p>Prirodnja\u010dki centar Srbije u Svilajncu organizuje POZORI\u0160NI FESTIVAL ZA DECU.U dino parku Prirodnja\u010dkog centra Srbije Svilajnac 15. 16. i 17.septembra 2017. godine bogat i edukativan &hellip; <\/p>\n","protected":false},"author":4,"featured_media":9460,"comment_status":"open","ping_status":"open","sticky":false,"template":"","format":"standard","meta":{"footnotes":""},"categories":[1524,2,15,887,12,1517],"tags":[2301,2302,38],"_links":{"self":[{"href":"https:\/\/centralmedia.rs\/index.php\/wp-json\/wp\/v2\/posts\/9532"}],"collection":[{"href":"https:\/\/centralmedia.rs\/index.php\/wp-json\/wp\/v2\/posts"}],"about":[{"href":"https:\/\/centralmedia.rs\/index.php\/wp-json\/wp\/v2\/types\/post"}],"author":[{"embeddable":true,"href":"https:\/\/centralmedia.rs\/index.php\/wp-json\/wp\/v2\/users\/4"}],"replies":[{"embeddable":true,"href":"https:\/\/centralmedia.rs\/index.php\/wp-json\/wp\/v2\/comments?post=9532"}],"version-history":[{"count":1,"href":"https:\/\/centralmedia.rs\/index.php\/wp-json\/wp\/v2\/posts\/9532\/revisions"}],"predecessor-version":[{"id":9533,"href":"https:\/\/centralmedia.rs\/index.php\/wp-json\/wp\/v2\/posts\/9532\/revisions\/9533"}],"wp:featuredmedia":[{"embeddable":true,"href":"https:\/\/centralmedia.rs\/index.php\/wp-json\/wp\/v2\/media\/9460"}],"wp:attachment":[{"href":"https:\/\/centralmedia.rs\/index.php\/wp-json\/wp\/v2\/media?parent=9532"}],"wp:term":[{"taxonomy":"category","embeddable":true,"href":"https:\/\/centralmedia.rs\/index.php\/wp-json\/wp\/v2\/categories?post=9532"},{"taxonomy":"post_tag","embeddable":true,"href":"https:\/\/centralmedia.rs\/index.php\/wp-json\/wp\/v2\/tags?post=9532"}],"curies":[{"name":"wp","href":"https:\/\/api.w.org\/{rel}","templated":true}]}}