{"id":9534,"date":"2017-09-13T23:13:08","date_gmt":"2017-09-13T23:13:08","guid":{"rendered":"http:\/\/centralmedia.rs\/?p=9534"},"modified":"2017-09-13T23:14:32","modified_gmt":"2017-09-13T23:14:32","slug":"dan-bez-automobilskog-dima-u-svilajncu-2","status":"publish","type":"post","link":"https:\/\/centralmedia.rs\/index.php\/2017\/09\/13\/dan-bez-automobilskog-dima-u-svilajncu-2\/","title":{"rendered":"DAN BEZ AUTOMOBILSKOG DIMA U SVILAJNCU"},"content":{"rendered":"<p>U okviru Evropske nedelje mobilnosti, ove godine je preko 2000 gradova uzelo u\u010de\u0161\u0107e u raznim aktivnostima odr\u017eive urbane mobilnosti, a u Svilajncu \u0107e Dan bez automobilskog dima biti obele\u017een u nedelju 17.septembra sa po\u010detkom u 11 sati. Svilajnac je pored Ni\u0161a, Pan\u010deva, Srbobrana i Kru\u0161evca jedan od pet gradova u Srbiji koji organizuje ovakvu manifestaciju(svi u\u010desnici registruju se na:\u00a0<a href=\"http:\/\/www.mobilityweek.eu\/2017-participants\/\" data-saferedirecturl=\"https:\/\/www.google.com\/url?hl=sr&amp;q=http:\/\/www.mobilityweek.eu\/2017-participants\/&amp;source=gmail&amp;ust=1505416863832000&amp;usg=AFQjCNF8iX4OOliYPTBTknnWFUnzc0R9FQ\">http:\/\/www.mobilityweek.eu\/2017-participants\/<\/a>).<\/p>\n<p>Ove godine Op\u0161tina Svilajnac, u saradnji sa Biciklisti\u010dkim klubom \u010ciroki i Volonterskom organizacijom Svilajnac obele\u017eava ovaj dan akcijom koja promovi\u0161e o\u010duvanje \u017eivotne sredine i zdrav na\u010din \u017eivota koji podrazumeva kori\u0161\u0107enje sredstva prevoza koja ne koriste za pogon fosilna goriva. Tako\u0111e, na ovaj na\u010din promovi\u0161emo razvoj biciklizma i ostalih nemotorizovanih kretanja u na\u0161oj sredini, efikasan i isplativi transport ljudi i robe, bezbednost u prevozu, smanjenje zagadjenja vazduha i manje buke i generalno kvalitetniju urbanu \u017eivotnu sredinu.<\/p>\n","protected":false},"excerpt":{"rendered":"<p>U okviru Evropske nedelje mobilnosti, ove godine je preko 2000 gradova uzelo u\u010de\u0161\u0107e u raznim aktivnostima odr\u017eive urbane mobilnosti, a u Svilajncu \u0107e Dan bez &hellip; <\/p>\n","protected":false},"author":4,"featured_media":9536,"comment_status":"open","ping_status":"open","sticky":false,"template":"","format":"standard","meta":{"footnotes":""},"categories":[1524,887,16,12,1517],"tags":[2303,38],"_links":{"self":[{"href":"https:\/\/centralmedia.rs\/index.php\/wp-json\/wp\/v2\/posts\/9534"}],"collection":[{"href":"https:\/\/centralmedia.rs\/index.php\/wp-json\/wp\/v2\/posts"}],"about":[{"href":"https:\/\/centralmedia.rs\/index.php\/wp-json\/wp\/v2\/types\/post"}],"author":[{"embeddable":true,"href":"https:\/\/centralmedia.rs\/index.php\/wp-json\/wp\/v2\/users\/4"}],"replies":[{"embeddable":true,"href":"https:\/\/centralmedia.rs\/index.php\/wp-json\/wp\/v2\/comments?post=9534"}],"version-history":[{"count":3,"href":"https:\/\/centralmedia.rs\/index.php\/wp-json\/wp\/v2\/posts\/9534\/revisions"}],"predecessor-version":[{"id":9539,"href":"https:\/\/centralmedia.rs\/index.php\/wp-json\/wp\/v2\/posts\/9534\/revisions\/9539"}],"wp:featuredmedia":[{"embeddable":true,"href":"https:\/\/centralmedia.rs\/index.php\/wp-json\/wp\/v2\/media\/9536"}],"wp:attachment":[{"href":"https:\/\/centralmedia.rs\/index.php\/wp-json\/wp\/v2\/media?parent=9534"}],"wp:term":[{"taxonomy":"category","embeddable":true,"href":"https:\/\/centralmedia.rs\/index.php\/wp-json\/wp\/v2\/categories?post=9534"},{"taxonomy":"post_tag","embeddable":true,"href":"https:\/\/centralmedia.rs\/index.php\/wp-json\/wp\/v2\/tags?post=9534"}],"curies":[{"name":"wp","href":"https:\/\/api.w.org\/{rel}","templated":true}]}}