{"id":9549,"date":"2017-09-14T16:01:53","date_gmt":"2017-09-14T16:01:53","guid":{"rendered":"http:\/\/centralmedia.rs\/?p=9549"},"modified":"2017-09-14T16:01:53","modified_gmt":"2017-09-14T16:01:53","slug":"motiv-za-likvidaciju-mladica-ne-postoji-zatekao-se-u-pogresno-vreme-na-pogresnom-mestu","status":"publish","type":"post","link":"https:\/\/centralmedia.rs\/index.php\/2017\/09\/14\/motiv-za-likvidaciju-mladica-ne-postoji-zatekao-se-u-pogresno-vreme-na-pogresnom-mestu\/","title":{"rendered":"MOTIV ZA LIKVIDACIJU MLADI\u0106A NE POSTOJI &#8211; ZATEKAO SE U POGRE\u0160NO VREME NA POGRE\u0160NOM MESTU"},"content":{"rendered":"<p>JAGODINA-Motiv za brutalnu likvidaciju Nemanje Stojanovi\u0107a (28) iz Jagodine ne postoji, sla\u017eu se svi izvori koji su imali kontakta sa istragom ubistava mladog advokata. Istraga se fokusira na prikupljanje dodatnih dokaza sa lica mesta i pregled snimaka sa okolnih kamera.<\/p>\n<p>-Ne postoji ni truka sumnje da je neko imao motiv da likvidira mladi\u0107a, posebno ne na ovako surov na\u010din. Sve ukazuje da je re\u010d je o profesionalnom ubici i da je re\u010d o gre\u0161ci, odnosno da se mladi\u0107 zatekao u pogre\u0161no vreme na pogre\u0161nom mestu. To je tek tragedija, ako je mladi\u0107 ubijen gre\u0161kom ili zamenom, ka\u017eu upu\u0107eni u istragu ubistava.<\/p>\n<p>Postoji indicija je da je sa\u010deku\u0161a bila namenjena Nemanjinom kom\u0161iji sa debelim kriminalnim dosijeom, koji iza sebe \u00a0ima 10 godina zatvora u Valjevu i Zaje\u010daru zbog razbojni\u0161tva i te\u0161ke kra\u0111e.<\/p>\n<p>-Ubica je pucao u siluetu, po oceni stru\u010dnjaka hici su bili precizni, odnosno grupisani u telo i glavu. Poslednim metkom ubica je overio mladi\u0107a. U mrklom mraku oko 2.30, jer nije radila rasveta posle oluje, ubica je \u010dekao \u017ertvu. Nekako u isto vreme i Nemanja i kom\u0161ija su se iz grada vra\u0107ali ku\u0107i, pretpostavka je ubici javljeno da dolazi \u017ertva i da se postavi u zasedu. Kom\u0161ija se,me\u0111utim, zadr\u017eao u putu i prvi na ulazu u zgradu pojavljuje se nesre\u0107ni mladi\u0107. Blizina policije je okolnost koja uznemirava ubicu i \u010dini ga nervoznim, jer gleda \u0161to pre da se udalji sa lica mesta. On puca u siluetu, mada je zna\u010dajna fizi\u010dka razlika izme\u0111u mo\u017eda potencijalne mete i mladi\u0107a, jedan je od mogu\u0107ih scenarija ubistava mladi\u0107a o kome se spekuli\u0161e u krugovima istrage.<\/p>\n<p>Porodica Stojanovi\u0107 nikada ne\u0107e mo\u0107i da se oporavi od velikog gubitka sestra, majka i otac su van sebe, ka\u017eu njihovi najbli\u017ei. Oni su zatra\u017eili pomo\u0107 lekara jer su pretpeli veliki stres i visok intezitet du\u0161evne boli. Navodno, otac je bio sumnji\u010dav da se neko sveti, ali on nije radio te\u017ee predmete, ve\u0107 parni\u010dne slu\u010dajeve, ugovore i nikada mu niko nije pretio.<\/p>\n<p>-On je sada ruina od \u010doveka, ceo svet mu se sru\u0161io posle najtu\u017enije vesti u \u017eivotu. Svi su mu sumnjivi, te\u0161ko je sve podneo, pri\u010daju prijatelji Stojanovi\u0107a.<\/p>\n<p>Sahrana mladi\u0107a bi\u0107e obavljena na jagodinskom groblju u petak u 12.30 sati. Omladinske nevladine organizacije zatra\u017eile su progla\u0161avanje dana \u017ealosti u gradu. Advokati u Pomoravlju nisu radili u \u010detvrtak, a Advokatska komora je nalo\u017eila advokatima da obustave rad u petak.<\/p>\n","protected":false},"excerpt":{"rendered":"<p>JAGODINA-Motiv za brutalnu likvidaciju Nemanje Stojanovi\u0107a (28) iz Jagodine ne postoji, sla\u017eu se svi izvori koji su imali kontakta sa istragom ubistava mladog advokata. Istraga &hellip; <\/p>\n","protected":false},"author":4,"featured_media":9550,"comment_status":"open","ping_status":"open","sticky":false,"template":"","format":"standard","meta":{"footnotes":""},"categories":[1524,20,2,1514],"tags":[58,2307],"_links":{"self":[{"href":"https:\/\/centralmedia.rs\/index.php\/wp-json\/wp\/v2\/posts\/9549"}],"collection":[{"href":"https:\/\/centralmedia.rs\/index.php\/wp-json\/wp\/v2\/posts"}],"about":[{"href":"https:\/\/centralmedia.rs\/index.php\/wp-json\/wp\/v2\/types\/post"}],"author":[{"embeddable":true,"href":"https:\/\/centralmedia.rs\/index.php\/wp-json\/wp\/v2\/users\/4"}],"replies":[{"embeddable":true,"href":"https:\/\/centralmedia.rs\/index.php\/wp-json\/wp\/v2\/comments?post=9549"}],"version-history":[{"count":1,"href":"https:\/\/centralmedia.rs\/index.php\/wp-json\/wp\/v2\/posts\/9549\/revisions"}],"predecessor-version":[{"id":9551,"href":"https:\/\/centralmedia.rs\/index.php\/wp-json\/wp\/v2\/posts\/9549\/revisions\/9551"}],"wp:featuredmedia":[{"embeddable":true,"href":"https:\/\/centralmedia.rs\/index.php\/wp-json\/wp\/v2\/media\/9550"}],"wp:attachment":[{"href":"https:\/\/centralmedia.rs\/index.php\/wp-json\/wp\/v2\/media?parent=9549"}],"wp:term":[{"taxonomy":"category","embeddable":true,"href":"https:\/\/centralmedia.rs\/index.php\/wp-json\/wp\/v2\/categories?post=9549"},{"taxonomy":"post_tag","embeddable":true,"href":"https:\/\/centralmedia.rs\/index.php\/wp-json\/wp\/v2\/tags?post=9549"}],"curies":[{"name":"wp","href":"https:\/\/api.w.org\/{rel}","templated":true}]}}