{"id":9577,"date":"2017-09-15T18:51:38","date_gmt":"2017-09-15T18:51:38","guid":{"rendered":"http:\/\/centralmedia.rs\/?p=9577"},"modified":"2017-09-15T18:51:38","modified_gmt":"2017-09-15T18:51:38","slug":"poceo-pozorisni-festival-za-decu-u-prirodnjackom-centru-srbije-u-svilajncu","status":"publish","type":"post","link":"https:\/\/centralmedia.rs\/index.php\/2017\/09\/15\/poceo-pozorisni-festival-za-decu-u-prirodnjackom-centru-srbije-u-svilajncu\/","title":{"rendered":"PO\u010cEO POZORI\u0160NI FESTIVAL ZA DECU U PRIRODNJA\u010cKOM CENTRU SRBIJE U SVILAJNCU"},"content":{"rendered":"<p>SVILAJNAC-U Prirodnja\u010dkom centru Srbije u Svilajncu ve\u010deras je po\u010deo\u00a0 Pozori\u0161ni festival za decu. Festival je po\u010deo spektakularnim ma\u0111ini\u010darskim \u0161ouom Trifunov Igora, najuspe\u0161nijeg ma\u0111ioni\u010dara i iluzioniste novije generacije. Program je nastavljen predstavom \u201eTu\u017eno pa\u010de\u201c de\u010dijeg pozori\u0161ta Teatri\u0107 iz Beograda.<\/p>\n<div id='gallery-1' class='gallery galleryid-9577 gallery-columns-2 gallery-size-full'><figure class='gallery-item'>\n\t\t\t<div class='gallery-icon landscape'>\n\t\t\t\t<a href='https:\/\/centralmedia.rs\/index.php\/2017\/09\/15\/poceo-pozorisni-festival-za-decu-u-prirodnjackom-centru-srbije-u-svilajncu\/festival-2\/'><img loading=\"lazy\" decoding=\"async\" width=\"960\" height=\"720\" src=\"https:\/\/centralmedia.rs\/wp-content\/uploads\/2017\/09\/festival-2.jpg\" class=\"attachment-full size-full\" alt=\"\" srcset=\"https:\/\/centralmedia.rs\/wp-content\/uploads\/2017\/09\/festival-2.jpg 960w, https:\/\/centralmedia.rs\/wp-content\/uploads\/2017\/09\/festival-2-300x225.jpg 300w, https:\/\/centralmedia.rs\/wp-content\/uploads\/2017\/09\/festival-2-768x576.jpg 768w, https:\/\/centralmedia.rs\/wp-content\/uploads\/2017\/09\/festival-2-80x60.jpg 80w, https:\/\/centralmedia.rs\/wp-content\/uploads\/2017\/09\/festival-2-265x198.jpg 265w\" sizes=\"(max-width: 960px) 100vw, 960px\" \/><\/a>\n\t\t\t<\/div><\/figure><figure class='gallery-item'>\n\t\t\t<div class='gallery-icon landscape'>\n\t\t\t\t<a href='https:\/\/centralmedia.rs\/index.php\/2017\/09\/15\/poceo-pozorisni-festival-za-decu-u-prirodnjackom-centru-srbije-u-svilajncu\/festival-3\/'><img loading=\"lazy\" decoding=\"async\" width=\"960\" height=\"720\" src=\"https:\/\/centralmedia.rs\/wp-content\/uploads\/2017\/09\/festival.jpg\" class=\"attachment-full size-full\" alt=\"\" srcset=\"https:\/\/centralmedia.rs\/wp-content\/uploads\/2017\/09\/festival.jpg 960w, https:\/\/centralmedia.rs\/wp-content\/uploads\/2017\/09\/festival-300x225.jpg 300w, https:\/\/centralmedia.rs\/wp-content\/uploads\/2017\/09\/festival-768x576.jpg 768w, https:\/\/centralmedia.rs\/wp-content\/uploads\/2017\/09\/festival-80x60.jpg 80w, https:\/\/centralmedia.rs\/wp-content\/uploads\/2017\/09\/festival-265x198.jpg 265w\" sizes=\"(max-width: 960px) 100vw, 960px\" \/><\/a>\n\t\t\t<\/div><\/figure>\n\t\t<\/div>\n\n<p>U subotu festival je oboga\u0107en edukativnom i interaktivnom predstavom \u201eIspeci pa reci\u201c i \u201eKo se boji vuka jo\u0161?\u201c de\u010dijeg pozori\u0161ta Talija iz Beograda. Festival pozori\u0161ta za decu zavr\u0161ava se u nedelju kada su na programu plesne predstave\u201eAladin\u201c i \u201ePetar Pan\u201c u izvo\u0111enju Una saga Sebica. Predstave se igraju na sceni u Dino parku tog centra u terminima od 17 i 18.15 sati. Cene ulaznica su 300 dinara za dnevna kartu, koja va\u017ei za obe predstave, i 500 dinara za komplet karata za sve dane festivala.<\/p>\n","protected":false},"excerpt":{"rendered":"<p>SVILAJNAC-U Prirodnja\u010dkom centru Srbije u Svilajncu ve\u010deras je po\u010deo\u00a0 Pozori\u0161ni festival za decu. Festival je po\u010deo spektakularnim ma\u0111ini\u010darskim \u0161ouom Trifunov Igora, najuspe\u0161nijeg ma\u0111ioni\u010dara i iluzioniste &hellip; <\/p>\n","protected":false},"author":4,"featured_media":9578,"comment_status":"open","ping_status":"open","sticky":false,"template":"","format":"standard","meta":{"footnotes":""},"categories":[1524,2,15,887,12,1517],"tags":[2312,288,38],"_links":{"self":[{"href":"https:\/\/centralmedia.rs\/index.php\/wp-json\/wp\/v2\/posts\/9577"}],"collection":[{"href":"https:\/\/centralmedia.rs\/index.php\/wp-json\/wp\/v2\/posts"}],"about":[{"href":"https:\/\/centralmedia.rs\/index.php\/wp-json\/wp\/v2\/types\/post"}],"author":[{"embeddable":true,"href":"https:\/\/centralmedia.rs\/index.php\/wp-json\/wp\/v2\/users\/4"}],"replies":[{"embeddable":true,"href":"https:\/\/centralmedia.rs\/index.php\/wp-json\/wp\/v2\/comments?post=9577"}],"version-history":[{"count":1,"href":"https:\/\/centralmedia.rs\/index.php\/wp-json\/wp\/v2\/posts\/9577\/revisions"}],"predecessor-version":[{"id":9581,"href":"https:\/\/centralmedia.rs\/index.php\/wp-json\/wp\/v2\/posts\/9577\/revisions\/9581"}],"wp:featuredmedia":[{"embeddable":true,"href":"https:\/\/centralmedia.rs\/index.php\/wp-json\/wp\/v2\/media\/9578"}],"wp:attachment":[{"href":"https:\/\/centralmedia.rs\/index.php\/wp-json\/wp\/v2\/media?parent=9577"}],"wp:term":[{"taxonomy":"category","embeddable":true,"href":"https:\/\/centralmedia.rs\/index.php\/wp-json\/wp\/v2\/categories?post=9577"},{"taxonomy":"post_tag","embeddable":true,"href":"https:\/\/centralmedia.rs\/index.php\/wp-json\/wp\/v2\/tags?post=9577"}],"curies":[{"name":"wp","href":"https:\/\/api.w.org\/{rel}","templated":true}]}}