{"id":9591,"date":"2017-09-17T16:43:33","date_gmt":"2017-09-17T16:43:33","guid":{"rendered":"http:\/\/centralmedia.rs\/?p=9591"},"modified":"2017-09-17T16:43:33","modified_gmt":"2017-09-17T16:43:33","slug":"dan-bez-automobilskog-dima-u-svilajncu-3","status":"publish","type":"post","link":"https:\/\/centralmedia.rs\/index.php\/2017\/09\/17\/dan-bez-automobilskog-dima-u-svilajncu-3\/","title":{"rendered":"DAN BEZ AUTOMOBILSKOG DIMA U SVILAJNCU"},"content":{"rendered":"<p>SVILAJNAC-U okviru Evropske nedelje mobilnostii u Svilajncu je danas obele\u017een Dan bez automobilskog dima. Prema podacima organizatora vi\u0161e stotina biciklista slobodno su se kretali ulicama grada na Resavi. \u00a0<a href=\"https:\/\/centralmedia.rs\/wp-content\/uploads\/2017\/09\/dan-2.jpg\"><img loading=\"lazy\" decoding=\"async\" class=\"aligncenter size-full wp-image-9593\" src=\"https:\/\/centralmedia.rs\/wp-content\/uploads\/2017\/09\/dan-2.jpg\" alt=\"\" width=\"900\" height=\"600\" srcset=\"https:\/\/centralmedia.rs\/wp-content\/uploads\/2017\/09\/dan-2.jpg 900w, https:\/\/centralmedia.rs\/wp-content\/uploads\/2017\/09\/dan-2-300x200.jpg 300w, https:\/\/centralmedia.rs\/wp-content\/uploads\/2017\/09\/dan-2-768x512.jpg 768w\" sizes=\"(max-width: 900px) 100vw, 900px\" \/><\/a><\/p>\n<p>Svilajnac je pored Ni\u0161a, Pan\u010deva, Srbobrana i Kru\u0161evca jedan od pet gradova u Srbiji, koji su zeli u\u010de\u0161\u0107e u ovoj amnifestaciji, a u svetu je preko 2000 gradova u\u010destvovalo u raznim aktivnostima odr\u017eive urbane mobilnosti. Op\u0161tina Svilajnac, u saradnji sa Biciklisti\u010dkim klubom \u010ciroki i Volonterskom organizacijom Svilajnac, obele\u017eila je ovaj dan akcijom koja promovi\u0161e o\u010duvanje \u017eivotne sredine i zdrav na\u010din \u017eivota koji podrazumeva kori\u0161\u0107enje sredstva prevoza koja ne koriste za pogon fosilna goriva. <a href=\"https:\/\/centralmedia.rs\/wp-content\/uploads\/2017\/09\/dan-1.jpg\"><img loading=\"lazy\" decoding=\"async\" class=\"aligncenter size-full wp-image-9594\" src=\"https:\/\/centralmedia.rs\/wp-content\/uploads\/2017\/09\/dan-1.jpg\" alt=\"\" width=\"900\" height=\"675\" srcset=\"https:\/\/centralmedia.rs\/wp-content\/uploads\/2017\/09\/dan-1.jpg 900w, https:\/\/centralmedia.rs\/wp-content\/uploads\/2017\/09\/dan-1-300x225.jpg 300w, https:\/\/centralmedia.rs\/wp-content\/uploads\/2017\/09\/dan-1-768x576.jpg 768w, https:\/\/centralmedia.rs\/wp-content\/uploads\/2017\/09\/dan-1-80x60.jpg 80w, https:\/\/centralmedia.rs\/wp-content\/uploads\/2017\/09\/dan-1-265x198.jpg 265w\" sizes=\"(max-width: 900px) 100vw, 900px\" \/><\/a>Tako\u0111e, na ovaj na\u010din promovisan je razvoj biciklizma i ostalih nemotorizovanih kretanja, kao efikasan i isplativi transport ljudi i robe, bezbednost u prevozu, uz smanjenje zagadjenja vazduha i manje buke, te generalno kvalitetniju urbanu \u017eivotnu sredinu.<\/p>\n<p>&nbsp;<\/p>\n","protected":false},"excerpt":{"rendered":"<p>SVILAJNAC-U okviru Evropske nedelje mobilnostii u Svilajncu je danas obele\u017een Dan bez automobilskog dima. Prema podacima organizatora vi\u0161e stotina biciklista slobodno su se kretali ulicama &hellip; <\/p>\n","protected":false},"author":4,"featured_media":9592,"comment_status":"open","ping_status":"open","sticky":false,"template":"","format":"standard","meta":{"footnotes":""},"categories":[1524,2,887,16,12,1517],"tags":[1239,2303,38],"_links":{"self":[{"href":"https:\/\/centralmedia.rs\/index.php\/wp-json\/wp\/v2\/posts\/9591"}],"collection":[{"href":"https:\/\/centralmedia.rs\/index.php\/wp-json\/wp\/v2\/posts"}],"about":[{"href":"https:\/\/centralmedia.rs\/index.php\/wp-json\/wp\/v2\/types\/post"}],"author":[{"embeddable":true,"href":"https:\/\/centralmedia.rs\/index.php\/wp-json\/wp\/v2\/users\/4"}],"replies":[{"embeddable":true,"href":"https:\/\/centralmedia.rs\/index.php\/wp-json\/wp\/v2\/comments?post=9591"}],"version-history":[{"count":1,"href":"https:\/\/centralmedia.rs\/index.php\/wp-json\/wp\/v2\/posts\/9591\/revisions"}],"predecessor-version":[{"id":9595,"href":"https:\/\/centralmedia.rs\/index.php\/wp-json\/wp\/v2\/posts\/9591\/revisions\/9595"}],"wp:featuredmedia":[{"embeddable":true,"href":"https:\/\/centralmedia.rs\/index.php\/wp-json\/wp\/v2\/media\/9592"}],"wp:attachment":[{"href":"https:\/\/centralmedia.rs\/index.php\/wp-json\/wp\/v2\/media?parent=9591"}],"wp:term":[{"taxonomy":"category","embeddable":true,"href":"https:\/\/centralmedia.rs\/index.php\/wp-json\/wp\/v2\/categories?post=9591"},{"taxonomy":"post_tag","embeddable":true,"href":"https:\/\/centralmedia.rs\/index.php\/wp-json\/wp\/v2\/tags?post=9591"}],"curies":[{"name":"wp","href":"https:\/\/api.w.org\/{rel}","templated":true}]}}