{"id":9598,"date":"2017-09-17T18:43:40","date_gmt":"2017-09-17T18:43:40","guid":{"rendered":"http:\/\/centralmedia.rs\/?p=9598"},"modified":"2017-09-17T18:43:40","modified_gmt":"2017-09-17T18:43:40","slug":"svilajnacpozorisna-scena-u-dino-parku","status":"publish","type":"post","link":"https:\/\/centralmedia.rs\/index.php\/2017\/09\/17\/svilajnacpozorisna-scena-u-dino-parku\/","title":{"rendered":"SVILAJNAC:POZORI\u0160NA SCENA U DINO PARKU"},"content":{"rendered":"<p>SVILAJNAC-Trodnevni Mali pozori\u0161ni festival odr\u017ean je na sceni u Dino parku Prirodnja\u010dkog centra Srbije u Svilajncu.<\/p>\n<p>-Festival smo organizovali sa \u017eeljom da pru\u017eimo deci priliku da u jednom neobi\u010dnom okru\u017eenju,parku Prirodnja\u010dkog centra sa 20 replika dinosaurusa, u\u017eivaju u magiji zvanoj pozori\u0161te, kazala je direktorka centra Sanja \u0110ur\u0111evi\u0107.<\/p>\n<div id='gallery-1' class='gallery galleryid-9598 gallery-columns-3 gallery-size-full'><figure class='gallery-item'>\n\t\t\t<div class='gallery-icon landscape'>\n\t\t\t\t<a href='https:\/\/centralmedia.rs\/index.php\/2017\/09\/17\/svilajnacpozorisna-scena-u-dino-parku\/fest-1\/'><img loading=\"lazy\" decoding=\"async\" width=\"900\" height=\"600\" src=\"https:\/\/centralmedia.rs\/wp-content\/uploads\/2017\/09\/fest-1.jpg\" class=\"attachment-full size-full\" alt=\"\" srcset=\"https:\/\/centralmedia.rs\/wp-content\/uploads\/2017\/09\/fest-1.jpg 900w, https:\/\/centralmedia.rs\/wp-content\/uploads\/2017\/09\/fest-1-300x200.jpg 300w, https:\/\/centralmedia.rs\/wp-content\/uploads\/2017\/09\/fest-1-768x512.jpg 768w\" sizes=\"(max-width: 900px) 100vw, 900px\" \/><\/a>\n\t\t\t<\/div><\/figure><figure class='gallery-item'>\n\t\t\t<div class='gallery-icon landscape'>\n\t\t\t\t<a href='https:\/\/centralmedia.rs\/index.php\/2017\/09\/17\/svilajnacpozorisna-scena-u-dino-parku\/fest-3\/'><img loading=\"lazy\" decoding=\"async\" width=\"900\" height=\"600\" src=\"https:\/\/centralmedia.rs\/wp-content\/uploads\/2017\/09\/fest-3.jpg\" class=\"attachment-full size-full\" alt=\"\" srcset=\"https:\/\/centralmedia.rs\/wp-content\/uploads\/2017\/09\/fest-3.jpg 900w, https:\/\/centralmedia.rs\/wp-content\/uploads\/2017\/09\/fest-3-300x200.jpg 300w, https:\/\/centralmedia.rs\/wp-content\/uploads\/2017\/09\/fest-3-768x512.jpg 768w\" sizes=\"(max-width: 900px) 100vw, 900px\" \/><\/a>\n\t\t\t<\/div><\/figure><figure class='gallery-item'>\n\t\t\t<div class='gallery-icon landscape'>\n\t\t\t\t<a href='https:\/\/centralmedia.rs\/index.php\/2017\/09\/17\/svilajnacpozorisna-scena-u-dino-parku\/fest\/'><img loading=\"lazy\" decoding=\"async\" width=\"900\" height=\"600\" src=\"https:\/\/centralmedia.rs\/wp-content\/uploads\/2017\/09\/fest.jpg\" class=\"attachment-full size-full\" alt=\"\" srcset=\"https:\/\/centralmedia.rs\/wp-content\/uploads\/2017\/09\/fest.jpg 900w, https:\/\/centralmedia.rs\/wp-content\/uploads\/2017\/09\/fest-300x200.jpg 300w, https:\/\/centralmedia.rs\/wp-content\/uploads\/2017\/09\/fest-768x512.jpg 768w\" sizes=\"(max-width: 900px) 100vw, 900px\" \/><\/a>\n\t\t\t<\/div><\/figure>\n\t\t<\/div>\n\n<p>Na festivalu je prikazan spektakularni ma\u0111ini\u010darski \u0161ou Igora Trifunovaa, najuspe\u0161nijeg ma\u0111ioni\u010dara i iluzioniste novije generacije, zatim predstava \u201eTu\u017eno pa\u010de\u201c de\u010dijeg pozori\u0161ta Teatri\u0107 iz Beograda. Festival je oboga\u0107en edukativnom i interaktivnom predstavom \u201eIspeci pa reci\u201c i \u201eKo se boji vuka jo\u0161?&#8221; u izvo\u0111enju de\u010dijeg pozori\u0161ta Talija iz Beograda. Plesne predstave\u201eAladin\u201c i \u201ePetar Pan\u201c &#8211; Una saga Serbica spustile su zavesu na prvi Mali pozori\u0161ni festival. Za tri dana koliko je trajao festival Prirodnja\u010dki centar je posetilo preko 700 dece.<\/p>\n","protected":false},"excerpt":{"rendered":"<p>SVILAJNAC-Trodnevni Mali pozori\u0161ni festival odr\u017ean je na sceni u Dino parku Prirodnja\u010dkog centra Srbije u Svilajncu. -Festival smo organizovali sa \u017eeljom da pru\u017eimo deci priliku &hellip; <\/p>\n","protected":false},"author":4,"featured_media":9599,"comment_status":"open","ping_status":"open","sticky":false,"template":"","format":"standard","meta":{"footnotes":""},"categories":[1524,2,15,887,12,1517],"tags":[2315,38],"_links":{"self":[{"href":"https:\/\/centralmedia.rs\/index.php\/wp-json\/wp\/v2\/posts\/9598"}],"collection":[{"href":"https:\/\/centralmedia.rs\/index.php\/wp-json\/wp\/v2\/posts"}],"about":[{"href":"https:\/\/centralmedia.rs\/index.php\/wp-json\/wp\/v2\/types\/post"}],"author":[{"embeddable":true,"href":"https:\/\/centralmedia.rs\/index.php\/wp-json\/wp\/v2\/users\/4"}],"replies":[{"embeddable":true,"href":"https:\/\/centralmedia.rs\/index.php\/wp-json\/wp\/v2\/comments?post=9598"}],"version-history":[{"count":1,"href":"https:\/\/centralmedia.rs\/index.php\/wp-json\/wp\/v2\/posts\/9598\/revisions"}],"predecessor-version":[{"id":9603,"href":"https:\/\/centralmedia.rs\/index.php\/wp-json\/wp\/v2\/posts\/9598\/revisions\/9603"}],"wp:featuredmedia":[{"embeddable":true,"href":"https:\/\/centralmedia.rs\/index.php\/wp-json\/wp\/v2\/media\/9599"}],"wp:attachment":[{"href":"https:\/\/centralmedia.rs\/index.php\/wp-json\/wp\/v2\/media?parent=9598"}],"wp:term":[{"taxonomy":"category","embeddable":true,"href":"https:\/\/centralmedia.rs\/index.php\/wp-json\/wp\/v2\/categories?post=9598"},{"taxonomy":"post_tag","embeddable":true,"href":"https:\/\/centralmedia.rs\/index.php\/wp-json\/wp\/v2\/tags?post=9598"}],"curies":[{"name":"wp","href":"https:\/\/api.w.org\/{rel}","templated":true}]}}