{"id":9604,"date":"2017-09-18T10:23:51","date_gmt":"2017-09-18T10:23:51","guid":{"rendered":"http:\/\/centralmedia.rs\/?p=9604"},"modified":"2017-09-18T11:03:39","modified_gmt":"2017-09-18T11:03:39","slug":"podela-indeksa-na-fakultetu-pedagoskih-nauka-u-jagodini","status":"publish","type":"post","link":"https:\/\/centralmedia.rs\/index.php\/2017\/09\/18\/podela-indeksa-na-fakultetu-pedagoskih-nauka-u-jagodini\/","title":{"rendered":"PODELA INDEKSA NA FAKULTETU PEDAGO\u0160KIH NAUKA U JAGODINI"},"content":{"rendered":"<p>JAGODINA-Sve\u010dnom podelom indeksa za preko 200 bruco\u0161a iz 40 op\u0161tina i gradova u Srbiji, danas je po\u010dela nova \u0161kolska godina na Fakultetu pedago\u0161kih nauka u Jagodini.<\/p>\n<figure id=\"attachment_9606\" aria-describedby=\"caption-attachment-9606\" style=\"width: 300px\" class=\"wp-caption alignright\"><a href=\"https:\/\/centralmedia.rs\/wp-content\/uploads\/2017\/09\/violeta-jovanovic.jpg\"><img loading=\"lazy\" decoding=\"async\" class=\"size-medium wp-image-9606\" src=\"https:\/\/centralmedia.rs\/wp-content\/uploads\/2017\/09\/violeta-jovanovic-300x225.jpg\" alt=\"\" width=\"300\" height=\"225\" srcset=\"https:\/\/centralmedia.rs\/wp-content\/uploads\/2017\/09\/violeta-jovanovic-300x225.jpg 300w, https:\/\/centralmedia.rs\/wp-content\/uploads\/2017\/09\/violeta-jovanovic-768x576.jpg 768w, https:\/\/centralmedia.rs\/wp-content\/uploads\/2017\/09\/violeta-jovanovic-80x60.jpg 80w, https:\/\/centralmedia.rs\/wp-content\/uploads\/2017\/09\/violeta-jovanovic-265x198.jpg 265w, https:\/\/centralmedia.rs\/wp-content\/uploads\/2017\/09\/violeta-jovanovic.jpg 900w\" sizes=\"(max-width: 300px) 100vw, 300px\" \/><\/a><figcaption id=\"caption-attachment-9606\" class=\"wp-caption-text\">Violeta Jovanovi\u0107<\/figcaption><\/figure>\n<p>-Na na\u0161em fakuletu je uvek praznik kada nam nova lica ispune ovaj prostor, novi studenti, budu\u0107i u\u010ditelji i vaspita\u010di, koji \u0107e imati jednu od naj\u010dasnijih i najodgovornijih misija u dru\u0161tvenom \u017eivotu dr\u017eave i naroda, kazala je dekanka Violeta Jovanovi\u0107 i po\u017eelela bruco\u0161ima da u narednih pet godina steknu akdevatna znanja, kompetencije i diplome.<\/p>\n<p>-Uverena sam da ste u Jagodinu do\u0161li zato \u0161to ste \u010duli da fakultet pru\u017ea mnogo svojim studentima, ali i zato \u0161to se u Jagodini brine o mladim ljudima, koji se do\u017eivljavaju kao najdragoceniji, dodala je ona.<\/p>\n<p>Predsednik Skup\u0161tine grada Jagodina Dragan Markovi\u0107 Palma \u0161est bruco\u0161a darivao sa po 50 evra, tvrde\u0107i da je to ,,polovina&#8221; njegove plate i pozvao ostale politi\u010dare da po\u0111u njegovim primerom.<\/p>\n<div id='gallery-1' class='gallery galleryid-9604 gallery-columns-3 gallery-size-full'><figure class='gallery-item'>\n\t\t\t<div class='gallery-icon landscape'>\n\t\t\t\t<a href='https:\/\/centralmedia.rs\/index.php\/2017\/09\/18\/podela-indeksa-na-fakultetu-pedagoskih-nauka-u-jagodini\/palma-deli-pare\/'><img loading=\"lazy\" decoding=\"async\" width=\"900\" height=\"675\" src=\"https:\/\/centralmedia.rs\/wp-content\/uploads\/2017\/09\/palma-deli-pare.jpg\" class=\"attachment-full size-full\" alt=\"\" srcset=\"https:\/\/centralmedia.rs\/wp-content\/uploads\/2017\/09\/palma-deli-pare.jpg 900w, https:\/\/centralmedia.rs\/wp-content\/uploads\/2017\/09\/palma-deli-pare-300x225.jpg 300w, https:\/\/centralmedia.rs\/wp-content\/uploads\/2017\/09\/palma-deli-pare-768x576.jpg 768w, https:\/\/centralmedia.rs\/wp-content\/uploads\/2017\/09\/palma-deli-pare-80x60.jpg 80w, https:\/\/centralmedia.rs\/wp-content\/uploads\/2017\/09\/palma-deli-pare-265x198.jpg 265w\" sizes=\"(max-width: 900px) 100vw, 900px\" \/><\/a>\n\t\t\t<\/div><\/figure><figure class='gallery-item'>\n\t\t\t<div class='gallery-icon landscape'>\n\t\t\t\t<a href='https:\/\/centralmedia.rs\/index.php\/2017\/09\/18\/podela-indeksa-na-fakultetu-pedagoskih-nauka-u-jagodini\/palma-i-studentkinja-nevena-aleksic-iz-kraljeva\/'><img loading=\"lazy\" decoding=\"async\" width=\"900\" height=\"675\" src=\"https:\/\/centralmedia.rs\/wp-content\/uploads\/2017\/09\/palma-i-studentkinja-nevena-aleksic-iz-kraljeva.jpg\" class=\"attachment-full size-full\" alt=\"\" srcset=\"https:\/\/centralmedia.rs\/wp-content\/uploads\/2017\/09\/palma-i-studentkinja-nevena-aleksic-iz-kraljeva.jpg 900w, https:\/\/centralmedia.rs\/wp-content\/uploads\/2017\/09\/palma-i-studentkinja-nevena-aleksic-iz-kraljeva-300x225.jpg 300w, https:\/\/centralmedia.rs\/wp-content\/uploads\/2017\/09\/palma-i-studentkinja-nevena-aleksic-iz-kraljeva-768x576.jpg 768w, https:\/\/centralmedia.rs\/wp-content\/uploads\/2017\/09\/palma-i-studentkinja-nevena-aleksic-iz-kraljeva-80x60.jpg 80w, https:\/\/centralmedia.rs\/wp-content\/uploads\/2017\/09\/palma-i-studentkinja-nevena-aleksic-iz-kraljeva-265x198.jpg 265w\" sizes=\"(max-width: 900px) 100vw, 900px\" \/><\/a>\n\t\t\t<\/div><\/figure><figure class='gallery-item'>\n\t\t\t<div class='gallery-icon landscape'>\n\t\t\t\t<a href='https:\/\/centralmedia.rs\/index.php\/2017\/09\/18\/podela-indeksa-na-fakultetu-pedagoskih-nauka-u-jagodini\/palma-11\/'><img loading=\"lazy\" decoding=\"async\" width=\"900\" height=\"675\" src=\"https:\/\/centralmedia.rs\/wp-content\/uploads\/2017\/09\/palma.jpg\" class=\"attachment-full size-full\" alt=\"\" srcset=\"https:\/\/centralmedia.rs\/wp-content\/uploads\/2017\/09\/palma.jpg 900w, https:\/\/centralmedia.rs\/wp-content\/uploads\/2017\/09\/palma-300x225.jpg 300w, https:\/\/centralmedia.rs\/wp-content\/uploads\/2017\/09\/palma-768x576.jpg 768w, https:\/\/centralmedia.rs\/wp-content\/uploads\/2017\/09\/palma-80x60.jpg 80w, https:\/\/centralmedia.rs\/wp-content\/uploads\/2017\/09\/palma-265x198.jpg 265w\" sizes=\"(max-width: 900px) 100vw, 900px\" \/><\/a>\n\t\t\t<\/div><\/figure>\n\t\t<\/div>\n\n<p>-Dr\u017eava mora da pove\u0107a zarade prosvetnim radnicima i na taj na\u010din stimuli\u0161e studnete da vredno u\u010de, rekao je on i podsetio na prednosti studiranja u tom gradu.<\/p>\n<p>Markovi\u0107 je najavio da \u0107e ove godine u organizaciji grada 550 studenata boraviti dva ili tri dana u Be\u010du.<\/p>\n<p>&nbsp;<\/p>\n","protected":false},"excerpt":{"rendered":"<p>JAGODINA-Sve\u010dnom podelom indeksa za preko 200 bruco\u0161a iz 40 op\u0161tina i gradova u Srbiji, danas je po\u010dela nova \u0161kolska godina na Fakultetu pedago\u0161kih nauka u &hellip; <\/p>\n","protected":false},"author":4,"featured_media":9605,"comment_status":"open","ping_status":"open","sticky":false,"template":"","format":"standard","meta":{"footnotes":""},"categories":[14,1524,2,1514,12],"tags":[269,58,2316],"_links":{"self":[{"href":"https:\/\/centralmedia.rs\/index.php\/wp-json\/wp\/v2\/posts\/9604"}],"collection":[{"href":"https:\/\/centralmedia.rs\/index.php\/wp-json\/wp\/v2\/posts"}],"about":[{"href":"https:\/\/centralmedia.rs\/index.php\/wp-json\/wp\/v2\/types\/post"}],"author":[{"embeddable":true,"href":"https:\/\/centralmedia.rs\/index.php\/wp-json\/wp\/v2\/users\/4"}],"replies":[{"embeddable":true,"href":"https:\/\/centralmedia.rs\/index.php\/wp-json\/wp\/v2\/comments?post=9604"}],"version-history":[{"count":3,"href":"https:\/\/centralmedia.rs\/index.php\/wp-json\/wp\/v2\/posts\/9604\/revisions"}],"predecessor-version":[{"id":9612,"href":"https:\/\/centralmedia.rs\/index.php\/wp-json\/wp\/v2\/posts\/9604\/revisions\/9612"}],"wp:featuredmedia":[{"embeddable":true,"href":"https:\/\/centralmedia.rs\/index.php\/wp-json\/wp\/v2\/media\/9605"}],"wp:attachment":[{"href":"https:\/\/centralmedia.rs\/index.php\/wp-json\/wp\/v2\/media?parent=9604"}],"wp:term":[{"taxonomy":"category","embeddable":true,"href":"https:\/\/centralmedia.rs\/index.php\/wp-json\/wp\/v2\/categories?post=9604"},{"taxonomy":"post_tag","embeddable":true,"href":"https:\/\/centralmedia.rs\/index.php\/wp-json\/wp\/v2\/tags?post=9604"}],"curies":[{"name":"wp","href":"https:\/\/api.w.org\/{rel}","templated":true}]}}