{"id":9640,"date":"2017-09-20T13:23:42","date_gmt":"2017-09-20T13:23:42","guid":{"rendered":"http:\/\/centralmedia.rs\/?p=9640"},"modified":"2017-09-20T13:23:42","modified_gmt":"2017-09-20T13:23:42","slug":"stecaj-u-srpskoj-fabrici-stakla-na-ulici-preko-800-radnika","status":"publish","type":"post","link":"https:\/\/centralmedia.rs\/index.php\/2017\/09\/20\/stecaj-u-srpskoj-fabrici-stakla-na-ulici-preko-800-radnika\/","title":{"rendered":"STE\u010cAJ U SRPSKOJ FABRICI STAKLA &#8211; NA ULICI PREKO 800 RADNIKA"},"content":{"rendered":"<p>PARA\u0106IN-Predsednik NO Srpske fabrike stakla iz Para\u0107ina Milorad Pu\u0161ica potvrdio je da je danas Privredni sud u Kragujevcu doneo odluku o otvaranju ste\u010daja u tom preduze\u0107u.<\/p>\n<p>-Da bi 870 ljudi ostalo bez posla, predsednik suda doneo odluku da se uvede ste\u010daj u SFS. Vide\u0107emo da li je to definitivno, rekao je Pu\u0161ica.<\/p>\n<figure id=\"attachment_7888\" aria-describedby=\"caption-attachment-7888\" style=\"width: 261px\" class=\"wp-caption alignright\"><a href=\"https:\/\/centralmedia.rs\/wp-content\/uploads\/2017\/05\/zivojin-matejic-paracin-g.j..jpg\"><img loading=\"lazy\" decoding=\"async\" class=\"size-medium wp-image-7888\" src=\"https:\/\/centralmedia.rs\/wp-content\/uploads\/2017\/05\/zivojin-matejic-paracin-g.j.-261x300.jpg\" alt=\"\" width=\"261\" height=\"300\" srcset=\"https:\/\/centralmedia.rs\/wp-content\/uploads\/2017\/05\/zivojin-matejic-paracin-g.j.-261x300.jpg 261w, https:\/\/centralmedia.rs\/wp-content\/uploads\/2017\/05\/zivojin-matejic-paracin-g.j.-768x882.jpg 768w, https:\/\/centralmedia.rs\/wp-content\/uploads\/2017\/05\/zivojin-matejic-paracin-g.j.-892x1024.jpg 892w, https:\/\/centralmedia.rs\/wp-content\/uploads\/2017\/05\/zivojin-matejic-paracin-g.j..jpg 1045w\" sizes=\"(max-width: 261px) 100vw, 261px\" \/><\/a><figcaption id=\"caption-attachment-7888\" class=\"wp-caption-text\">\u017divojin Mateji\u0107<\/figcaption><\/figure>\n<p>Predsednik Samostalnog sindikata \u017divojin Mateji\u0107 objasnio je da \u0107e preko 800 zaposlenih, ukoliko odluka o ste\u010daju postane pravosna\u017ena, morati na evidenciju Nacionalne slu\u017ebe za zapo\u0161ljavanje.<\/p>\n<p>-Obistinile su se najcrnje slutnje. Kad tad su morali da nas dokraj\u010de. Nemam snage da pri\u010dam posle ovakve vesti, kroz zube je procedio Mateji\u0107.<\/p>\n<p>Najve\u0107a opasnost za Para\u0107in je situacija u SFS, odakle je proteklih godina do\u0161ao najve\u0107i broj nezaposlenih,ocenio je pro\u0161le nedelje na konferenciji za novinare predsednik te op\u0161tine Sa\u0161a Paunovi\u0107.<\/p>\n<p>-Staklara je privatno preduze\u0107e. Vode je ljudi koji imaju odli\u010dne kontakte u vrhu dr\u017eavne vlasti. Op\u0161tina nema nikakvu ulogu u odlu\u010divanju i sudbini te fabrike. Ne me\u0161amo se u ove procese, niti to mo\u017eemo,niti je to od nas neko tra\u017eio. Ako smo dobro razumeli od nas je tra\u017eeno iz vrha dr\u017eavne vlasti da u tome ne ni na koji na\u010din ne u\u010destvujemo i mi to po\u0161tujemo, rekao je on pro\u0161le nedelje.<\/p>\n<p>Odluka o ste\u010daju doneta je po predlogu preduze\u0107a Veksilum Balkan iz \u010ca\u010dka na osnovu potra\u017eivanja od 47 miliona evra. Staklara je u predhodnom periodu prolazila kroz turbulencije. Posle privatizacije SFS 2012. godine, bugarske vlasti raspisuju poternicu za vlasnikom preduze\u0107a koje je privatizovalo SFS Cvetanom Vasilevim i progla\u0161avaju ste\u010daj u njegovim firmama. On je u Srbiji zatra\u017eio azil, a 2015. godine potpisuje ugovor sa srpskom firmom CPR Impeks o preuzimanju ve\u0107inskog paketa akcija SFS. Zatim se u maju pojavljuje firma Veksilium iz \u010ca\u010dka, osnovana u februaru ove godine, sa potra\u017eivanjem od 47 miliona evra i zahtevom za otvaranje ste\u010daja. Na prvom su\u0111enju zahtev je odbijen, ali Apelacioni sud to nije uva\u017eio i vratio je na ponovno odlu\u010divanje zbog bitnih povreda postupka.<\/p>\n<p>&nbsp;<\/p>\n","protected":false},"excerpt":{"rendered":"<p>PARA\u0106IN-Predsednik NO Srpske fabrike stakla iz Para\u0107ina Milorad Pu\u0161ica potvrdio je da je danas Privredni sud u Kragujevcu doneo odluku o otvaranju ste\u010daja u tom &hellip; <\/p>\n","protected":false},"author":4,"featured_media":7887,"comment_status":"open","ping_status":"open","sticky":false,"template":"","format":"standard","meta":{"footnotes":""},"categories":[14,1524,2,1516,887,12],"tags":[156,158,239],"_links":{"self":[{"href":"https:\/\/centralmedia.rs\/index.php\/wp-json\/wp\/v2\/posts\/9640"}],"collection":[{"href":"https:\/\/centralmedia.rs\/index.php\/wp-json\/wp\/v2\/posts"}],"about":[{"href":"https:\/\/centralmedia.rs\/index.php\/wp-json\/wp\/v2\/types\/post"}],"author":[{"embeddable":true,"href":"https:\/\/centralmedia.rs\/index.php\/wp-json\/wp\/v2\/users\/4"}],"replies":[{"embeddable":true,"href":"https:\/\/centralmedia.rs\/index.php\/wp-json\/wp\/v2\/comments?post=9640"}],"version-history":[{"count":1,"href":"https:\/\/centralmedia.rs\/index.php\/wp-json\/wp\/v2\/posts\/9640\/revisions"}],"predecessor-version":[{"id":9641,"href":"https:\/\/centralmedia.rs\/index.php\/wp-json\/wp\/v2\/posts\/9640\/revisions\/9641"}],"wp:featuredmedia":[{"embeddable":true,"href":"https:\/\/centralmedia.rs\/index.php\/wp-json\/wp\/v2\/media\/7887"}],"wp:attachment":[{"href":"https:\/\/centralmedia.rs\/index.php\/wp-json\/wp\/v2\/media?parent=9640"}],"wp:term":[{"taxonomy":"category","embeddable":true,"href":"https:\/\/centralmedia.rs\/index.php\/wp-json\/wp\/v2\/categories?post=9640"},{"taxonomy":"post_tag","embeddable":true,"href":"https:\/\/centralmedia.rs\/index.php\/wp-json\/wp\/v2\/tags?post=9640"}],"curies":[{"name":"wp","href":"https:\/\/api.w.org\/{rel}","templated":true}]}}