{"id":9649,"date":"2017-09-21T14:09:35","date_gmt":"2017-09-21T14:09:35","guid":{"rendered":"http:\/\/centralmedia.rs\/?p=9649"},"modified":"2017-09-21T14:09:35","modified_gmt":"2017-09-21T14:09:35","slug":"vlatko-stefanovski-deciji-karneval","status":"publish","type":"post","link":"https:\/\/centralmedia.rs\/index.php\/2017\/09\/21\/vlatko-stefanovski-deciji-karneval\/","title":{"rendered":"VLATKO STEFANOVSKI I DE\u010cIJI KARNEVAL"},"content":{"rendered":"<p>PARA\u0106IN-Povodom Dana op\u0161tine Para\u0107in su subotu u 20 sati<a href=\"https:\/\/centralmedia.rs\/wp-content\/uploads\/2017\/09\/deciji-festival.jpg\"><img loading=\"lazy\" decoding=\"async\" class=\"alignright size-thumbnail wp-image-9651\" src=\"https:\/\/centralmedia.rs\/wp-content\/uploads\/2017\/09\/deciji-festival-150x150.jpg\" alt=\"\" width=\"150\" height=\"150\" \/><\/a> u centru grada nastupi\u0107e legendarni rok muzi\u010dar Vlatko Stefanovski sa svojim sastavom Trio. Istog dana u podne bi\u0107e organizovan De\u010diji karneval u \u010dijem \u0107e defileu u\u010destvovati deca iz Para\u0107ina i regiona.<\/p>\n","protected":false},"excerpt":{"rendered":"<p>PARA\u0106IN-Povodom Dana op\u0161tine Para\u0107in su subotu u 20 sati u centru grada nastupi\u0107e legendarni rok muzi\u010dar Vlatko Stefanovski sa svojim sastavom Trio. Istog dana u &hellip; <\/p>\n","protected":false},"author":4,"featured_media":9650,"comment_status":"open","ping_status":"open","sticky":false,"template":"","format":"standard","meta":{"footnotes":""},"categories":[1524,2,1516,887,16,12],"tags":[2325,2172],"_links":{"self":[{"href":"https:\/\/centralmedia.rs\/index.php\/wp-json\/wp\/v2\/posts\/9649"}],"collection":[{"href":"https:\/\/centralmedia.rs\/index.php\/wp-json\/wp\/v2\/posts"}],"about":[{"href":"https:\/\/centralmedia.rs\/index.php\/wp-json\/wp\/v2\/types\/post"}],"author":[{"embeddable":true,"href":"https:\/\/centralmedia.rs\/index.php\/wp-json\/wp\/v2\/users\/4"}],"replies":[{"embeddable":true,"href":"https:\/\/centralmedia.rs\/index.php\/wp-json\/wp\/v2\/comments?post=9649"}],"version-history":[{"count":1,"href":"https:\/\/centralmedia.rs\/index.php\/wp-json\/wp\/v2\/posts\/9649\/revisions"}],"predecessor-version":[{"id":9652,"href":"https:\/\/centralmedia.rs\/index.php\/wp-json\/wp\/v2\/posts\/9649\/revisions\/9652"}],"wp:featuredmedia":[{"embeddable":true,"href":"https:\/\/centralmedia.rs\/index.php\/wp-json\/wp\/v2\/media\/9650"}],"wp:attachment":[{"href":"https:\/\/centralmedia.rs\/index.php\/wp-json\/wp\/v2\/media?parent=9649"}],"wp:term":[{"taxonomy":"category","embeddable":true,"href":"https:\/\/centralmedia.rs\/index.php\/wp-json\/wp\/v2\/categories?post=9649"},{"taxonomy":"post_tag","embeddable":true,"href":"https:\/\/centralmedia.rs\/index.php\/wp-json\/wp\/v2\/tags?post=9649"}],"curies":[{"name":"wp","href":"https:\/\/api.w.org\/{rel}","templated":true}]}}