{"id":9656,"date":"2017-09-21T14:16:23","date_gmt":"2017-09-21T14:16:23","guid":{"rendered":"http:\/\/centralmedia.rs\/?p=9656"},"modified":"2017-09-21T14:16:23","modified_gmt":"2017-09-21T14:16:23","slug":"posle-odluke-suda-o-otvaranju-stecaja-staklarci-zakazali-protest-u-5-12","status":"publish","type":"post","link":"https:\/\/centralmedia.rs\/index.php\/2017\/09\/21\/posle-odluke-suda-o-otvaranju-stecaja-staklarci-zakazali-protest-u-5-12\/","title":{"rendered":"POSLE ODLUKE SUDA O OTVARANJU STE\u010cAJA &#8211; STAKLARCI ZAKAZALI PROTEST U 5 DO 12"},"content":{"rendered":"<p>PARA\u0106IN-Sindikati para\u0107inske Srpske fabrike stakla zakazali su protest za petak simboli\u010dno nazvan ,,U 5 do 12&#8243; u znak protesta zbog odluke Privrednog suda u Kragujevcu o otvaranju ste\u010daja. Preko 800 ljudi posle te odluke ostalo je bez posla, ali o\u010dekuje se da \u0107e u postupku reorganizacije ste\u010dajni upravnik Sa\u0161a Jovanovi\u0107 oko 400 radnika ponovo anga\u017eovati na poslovima proizvodnje stakla.<\/p>\n<p>-Mu\u010dno je u Staklari danas. Protestom \u017eelimo da poru\u010dimo javnosti da smo \u017eivi i da smo nezadovoljni odlukom o otvaranju ste\u010daja. Molimo vlast u Srbiji da razmisli, jer postoji rok za \u017ealbu od 8 dana, \u017eelimo dostojanstveno da odemo iz fabrike. Predla\u017eemo vlastima da jo\u0161 jednom ispita da li postoje mogu\u0107nosti za anga\u017eovanje strate\u0161kog partnera koji \u0107e sanirati sve probleme u nekom periodu, kako bi ljudi dobili socijalni program, a da odre\u0111en broj ostane u fabrici. Postoji vi\u0161e na\u010dina, nego \u0161to je ste\u010daj, da SFS stane na ,,noge&#8221;. Bili smo blizu da poslovanje dovedemo do pozitnivne nule, imali smo i najave za potencijalnog kupca, ali to nekome nije odgovoralo, ka\u017ee predsednik Samostalnog sindikata \u017divojin Mateji\u0107.<\/p>\n<p>On smatra da ste\u010dajni upravnik ne mo\u017ee da reorganizuje fabriku i vrati dugove, te \u00a0da \u0107e ,,na\u017ealost epilog \u0107e biti bankrot i likvidacija&#8221;.<\/p>\n<p>-Okomili su se na SFS, da je kupe bez obaveza i radnika. Gledali su da mirno pro\u0111e odluka o ste\u010daju, ali sindikati su doneli odluku o protestu. U ste\u010daju zaposleni nemaju vi\u0161e nikakva prava, ve\u0107ina \u0107e zavr\u0161iti na ulici. Ljudi su prezadu\u017eeni, imaju kredite, te\u0161ko je izgubiti posao, bez prihoda, navodi on.<\/p>\n<p>Predsednik Privrednog suda Branislav Jovovi\u0107 iz Kragujevca obratio se radnicima re\u010dima da ne treba da podlegnu negativnoj atmosferi i izazovu anarhiju, haos i u\u017eas.<\/p>\n<p>-Postoji mogu\u0107nost da se u postupku reorganizacije ponovo osna\u017ei fabrika i krene da radi bez problema u poslovanju. Eventualno, ako nema uslova za reorganizaciju, da se u postupku bankrota proda kao pravno lice, promeni osniva\u010da i nadalje radi bez ikakvog upliva elemenata vo\u0111enja ste\u010dajnog postupka, rekao je on posle odluke o ste\u010daju.<\/p>\n<p>Dug iznosi 47 miliona evra, koji nastao 2012. i 2013. godine, kada je vlasnik bio bugarski Glas industri bankara Cvetana Vasileva.<\/p>\n<p>-Ta firma je i suvlasnik kapitala u Staklari, taj dug je preko ugovora o ustupanju potra\u017eivanja dospeo do Veksilum Balkan koji je predao predlog za otvaranje ste\u010daj. Potra\u017eivanje postoji,a du\u017enik je osporavao da imamo status poverioca, rekao je pravni zastupnik firme Veksilum Balkan iz \u010ca\u010dka advokat Vojislav Ili\u0107.<\/p>\n<p>Ukoliko se Staklara \u017eali na odluku o ste\u010daju, kona\u010dnu re\u010d o ovom slu\u010daju ima\u0107e Apelacioni sud.<\/p>\n<p>&nbsp;<\/p>\n<p>&nbsp;<\/p>\n","protected":false},"excerpt":{"rendered":"<p>PARA\u0106IN-Sindikati para\u0107inske Srpske fabrike stakla zakazali su protest za petak simboli\u010dno nazvan ,,U 5 do 12&#8243; u znak protesta zbog odluke Privrednog suda u Kragujevcu &hellip; <\/p>\n","protected":false},"author":4,"featured_media":7903,"comment_status":"open","ping_status":"open","sticky":false,"template":"","format":"standard","meta":{"footnotes":""},"categories":[22,1524,2,1516,887],"tags":[156,2314],"_links":{"self":[{"href":"https:\/\/centralmedia.rs\/index.php\/wp-json\/wp\/v2\/posts\/9656"}],"collection":[{"href":"https:\/\/centralmedia.rs\/index.php\/wp-json\/wp\/v2\/posts"}],"about":[{"href":"https:\/\/centralmedia.rs\/index.php\/wp-json\/wp\/v2\/types\/post"}],"author":[{"embeddable":true,"href":"https:\/\/centralmedia.rs\/index.php\/wp-json\/wp\/v2\/users\/4"}],"replies":[{"embeddable":true,"href":"https:\/\/centralmedia.rs\/index.php\/wp-json\/wp\/v2\/comments?post=9656"}],"version-history":[{"count":1,"href":"https:\/\/centralmedia.rs\/index.php\/wp-json\/wp\/v2\/posts\/9656\/revisions"}],"predecessor-version":[{"id":9657,"href":"https:\/\/centralmedia.rs\/index.php\/wp-json\/wp\/v2\/posts\/9656\/revisions\/9657"}],"wp:featuredmedia":[{"embeddable":true,"href":"https:\/\/centralmedia.rs\/index.php\/wp-json\/wp\/v2\/media\/7903"}],"wp:attachment":[{"href":"https:\/\/centralmedia.rs\/index.php\/wp-json\/wp\/v2\/media?parent=9656"}],"wp:term":[{"taxonomy":"category","embeddable":true,"href":"https:\/\/centralmedia.rs\/index.php\/wp-json\/wp\/v2\/categories?post=9656"},{"taxonomy":"post_tag","embeddable":true,"href":"https:\/\/centralmedia.rs\/index.php\/wp-json\/wp\/v2\/tags?post=9656"}],"curies":[{"name":"wp","href":"https:\/\/api.w.org\/{rel}","templated":true}]}}