{"id":9732,"date":"2017-09-24T18:13:15","date_gmt":"2017-09-24T18:13:15","guid":{"rendered":"http:\/\/centralmedia.rs\/?p=9732"},"modified":"2017-09-24T18:14:00","modified_gmt":"2017-09-24T18:14:00","slug":"istaknuti-spiskovi-prekobrojnih-u-staklari-foto","status":"publish","type":"post","link":"https:\/\/centralmedia.rs\/index.php\/2017\/09\/24\/istaknuti-spiskovi-prekobrojnih-u-staklari-foto\/","title":{"rendered":"ISTAKNUTI SPISKOVI OTPISANIH U STAKLARI (foto spiskovi)"},"content":{"rendered":"<p>PARA\u0106IN-Tokom vikenda na oglasnoj tabli u Srpskoj fabrici stakla u Para\u0107inu, po naredbi ste\u010dajnog upravnika Sa\u0161e Jovanovi\u0107a, istaknut spisak 230 radnika na \u0161est listova, koji od ponedeljka vi\u0161e nisu me\u0111u zaposlenima u toj fabrici. U toj fabrici ostaje da radi oko 600 radnika. Posle otvaranja ste\u010daja u pro\u0161le srede, ta informacija je izazavala \u0161ok i buru negodovanja, radnici ne znaju kako da reaguju, da li da se jave na posao, da li da potpisuju re\u0161enja o prekidu radnog odnosa. Ka\u017eu da su im ID kartice blokirane i da ne mogu da u\u0111u na kapiju preduze\u0107a kako bi uzeli li\u010dne stvari iz kancelarija.<\/p>\n<div id='gallery-1' class='gallery galleryid-9732 gallery-columns-5 gallery-size-thumbnail'><figure class='gallery-item'>\n\t\t\t<div class='gallery-icon landscape'>\n\t\t\t\t<a href='https:\/\/centralmedia.rs\/index.php\/2017\/09\/24\/istaknuti-spiskovi-prekobrojnih-u-staklari-foto\/spisak-1\/'><img loading=\"lazy\" decoding=\"async\" width=\"150\" height=\"150\" src=\"https:\/\/centralmedia.rs\/wp-content\/uploads\/2017\/09\/spisak-1-150x150.jpg\" class=\"attachment-thumbnail size-thumbnail\" alt=\"\" \/><\/a>\n\t\t\t<\/div><\/figure><figure class='gallery-item'>\n\t\t\t<div class='gallery-icon landscape'>\n\t\t\t\t<a href='https:\/\/centralmedia.rs\/index.php\/2017\/09\/24\/istaknuti-spiskovi-prekobrojnih-u-staklari-foto\/spisak-2\/'><img loading=\"lazy\" decoding=\"async\" width=\"150\" height=\"150\" src=\"https:\/\/centralmedia.rs\/wp-content\/uploads\/2017\/09\/spisak-2-150x150.jpg\" class=\"attachment-thumbnail size-thumbnail\" alt=\"\" \/><\/a>\n\t\t\t<\/div><\/figure><figure class='gallery-item'>\n\t\t\t<div class='gallery-icon landscape'>\n\t\t\t\t<a href='https:\/\/centralmedia.rs\/index.php\/2017\/09\/24\/istaknuti-spiskovi-prekobrojnih-u-staklari-foto\/spisak-3\/'><img loading=\"lazy\" decoding=\"async\" width=\"150\" height=\"150\" src=\"https:\/\/centralmedia.rs\/wp-content\/uploads\/2017\/09\/spisak-3-150x150.jpg\" class=\"attachment-thumbnail size-thumbnail\" alt=\"\" \/><\/a>\n\t\t\t<\/div><\/figure><figure class='gallery-item'>\n\t\t\t<div class='gallery-icon landscape'>\n\t\t\t\t<a href='https:\/\/centralmedia.rs\/index.php\/2017\/09\/24\/istaknuti-spiskovi-prekobrojnih-u-staklari-foto\/spisak-5\/'><img loading=\"lazy\" decoding=\"async\" width=\"150\" height=\"150\" src=\"https:\/\/centralmedia.rs\/wp-content\/uploads\/2017\/09\/spisak-5-150x150.jpg\" class=\"attachment-thumbnail size-thumbnail\" alt=\"\" \/><\/a>\n\t\t\t<\/div><\/figure><figure class='gallery-item'>\n\t\t\t<div class='gallery-icon landscape'>\n\t\t\t\t<a href='https:\/\/centralmedia.rs\/index.php\/2017\/09\/24\/istaknuti-spiskovi-prekobrojnih-u-staklari-foto\/spisak\/'><img loading=\"lazy\" decoding=\"async\" width=\"150\" height=\"150\" src=\"https:\/\/centralmedia.rs\/wp-content\/uploads\/2017\/09\/spisak-150x150.jpg\" class=\"attachment-thumbnail size-thumbnail\" alt=\"\" \/><\/a>\n\t\t\t<\/div><\/figure>\n\t\t<\/div>\n\n<p>-Vi\u0161e nema sindikata u fabrici. Od ponedeljka sam kao i svaki drugi radnik, nema vi\u0161e sindikalnih funkcija. Zaplakao sam kada sam saznao za spiskove, dugo smo se borili za fabriku, nikome nije lako. Nemo\u0107an sam da reagujem, ka\u017ee biv\u0161i predsednik Samostalnog sindikata SFS \u017divojin Mateji\u0107.<\/p>\n<p>Posle progla\u0161enja ste\u010daja, zaposlenima koji su na spisku prekobrojnih radnika ostaje da potpi\u0161u otkaz ugovora o radu, preuzmu radne knji\u017eice i da se prijave na evidenciju nezaposlenih. Ukoliko ne potpi\u0161u, spiskovi na oglasnoj tabli preduze\u0107a bi\u0107e izlo\u017eeni sedam dana, \u0161to je zakonski rok posle koga se smatra da je lice dobilo obave\u0161tenje i ne odla\u017ee izvr\u0161enje. Radnici najavljuju da \u0107e okupiti ispred preduze\u0107a oko 8 sati i da ne\u0107e potpisivati re\u0161enja. Na predlog firme Veksilum Balkan iz \u010ca\u010dka i pijavljenog duga od 47 miliona evra, Privredni sud u Kragujevcu otvorio je ste\u010daj.<\/p>\n","protected":false},"excerpt":{"rendered":"<p>PARA\u0106IN-Tokom vikenda na oglasnoj tabli u Srpskoj fabrici stakla u Para\u0107inu, po naredbi ste\u010dajnog upravnika Sa\u0161e Jovanovi\u0107a, istaknut spisak 230 radnika na \u0161est listova, koji &hellip; <\/p>\n","protected":false},"author":4,"featured_media":9733,"comment_status":"open","ping_status":"open","sticky":false,"template":"","format":"standard","meta":{"footnotes":""},"categories":[14,1524,2,1516,887,12],"tags":[2332,156,2331,2314],"_links":{"self":[{"href":"https:\/\/centralmedia.rs\/index.php\/wp-json\/wp\/v2\/posts\/9732"}],"collection":[{"href":"https:\/\/centralmedia.rs\/index.php\/wp-json\/wp\/v2\/posts"}],"about":[{"href":"https:\/\/centralmedia.rs\/index.php\/wp-json\/wp\/v2\/types\/post"}],"author":[{"embeddable":true,"href":"https:\/\/centralmedia.rs\/index.php\/wp-json\/wp\/v2\/users\/4"}],"replies":[{"embeddable":true,"href":"https:\/\/centralmedia.rs\/index.php\/wp-json\/wp\/v2\/comments?post=9732"}],"version-history":[{"count":3,"href":"https:\/\/centralmedia.rs\/index.php\/wp-json\/wp\/v2\/posts\/9732\/revisions"}],"predecessor-version":[{"id":9741,"href":"https:\/\/centralmedia.rs\/index.php\/wp-json\/wp\/v2\/posts\/9732\/revisions\/9741"}],"wp:featuredmedia":[{"embeddable":true,"href":"https:\/\/centralmedia.rs\/index.php\/wp-json\/wp\/v2\/media\/9733"}],"wp:attachment":[{"href":"https:\/\/centralmedia.rs\/index.php\/wp-json\/wp\/v2\/media?parent=9732"}],"wp:term":[{"taxonomy":"category","embeddable":true,"href":"https:\/\/centralmedia.rs\/index.php\/wp-json\/wp\/v2\/categories?post=9732"},{"taxonomy":"post_tag","embeddable":true,"href":"https:\/\/centralmedia.rs\/index.php\/wp-json\/wp\/v2\/tags?post=9732"}],"curies":[{"name":"wp","href":"https:\/\/api.w.org\/{rel}","templated":true}]}}