{"id":9742,"date":"2017-09-25T09:39:35","date_gmt":"2017-09-25T09:39:35","guid":{"rendered":"http:\/\/centralmedia.rs\/?p=9742"},"modified":"2017-09-25T09:39:35","modified_gmt":"2017-09-25T09:39:35","slug":"ubio-rodjenog-brata","status":"publish","type":"post","link":"https:\/\/centralmedia.rs\/index.php\/2017\/09\/25\/ubio-rodjenog-brata\/","title":{"rendered":"UBIO RO\u0110ENOG BRATA"},"content":{"rendered":"<p>PARA\u0106IN-\u010coveka (53) iz Trstenika iz vatrenog oru\u017eja ubio brat (50) po ocu. Zlo\u010din se dogodio danas je \u00a0oko 9.45 u Para\u0107inu ispred zgrade u ulici Cara Lazar kojoj ubijeni imao iznamlejnis tan. Polcija traga za ubicom.<\/p>\n","protected":false},"excerpt":{"rendered":"<p>PARA\u0106IN-\u010coveka (53) iz Trstenika iz vatrenog oru\u017eja ubio brat (50) po ocu. Zlo\u010din se dogodio danas je \u00a0oko 9.45 u Para\u0107inu ispred zgrade u ulici &hellip; <\/p>\n","protected":false},"author":4,"featured_media":8217,"comment_status":"open","ping_status":"open","sticky":false,"template":"","format":"standard","meta":{"footnotes":""},"categories":[1524,20,2,1516],"tags":[156,2333,2334],"_links":{"self":[{"href":"https:\/\/centralmedia.rs\/index.php\/wp-json\/wp\/v2\/posts\/9742"}],"collection":[{"href":"https:\/\/centralmedia.rs\/index.php\/wp-json\/wp\/v2\/posts"}],"about":[{"href":"https:\/\/centralmedia.rs\/index.php\/wp-json\/wp\/v2\/types\/post"}],"author":[{"embeddable":true,"href":"https:\/\/centralmedia.rs\/index.php\/wp-json\/wp\/v2\/users\/4"}],"replies":[{"embeddable":true,"href":"https:\/\/centralmedia.rs\/index.php\/wp-json\/wp\/v2\/comments?post=9742"}],"version-history":[{"count":1,"href":"https:\/\/centralmedia.rs\/index.php\/wp-json\/wp\/v2\/posts\/9742\/revisions"}],"predecessor-version":[{"id":9743,"href":"https:\/\/centralmedia.rs\/index.php\/wp-json\/wp\/v2\/posts\/9742\/revisions\/9743"}],"wp:featuredmedia":[{"embeddable":true,"href":"https:\/\/centralmedia.rs\/index.php\/wp-json\/wp\/v2\/media\/8217"}],"wp:attachment":[{"href":"https:\/\/centralmedia.rs\/index.php\/wp-json\/wp\/v2\/media?parent=9742"}],"wp:term":[{"taxonomy":"category","embeddable":true,"href":"https:\/\/centralmedia.rs\/index.php\/wp-json\/wp\/v2\/categories?post=9742"},{"taxonomy":"post_tag","embeddable":true,"href":"https:\/\/centralmedia.rs\/index.php\/wp-json\/wp\/v2\/tags?post=9742"}],"curies":[{"name":"wp","href":"https:\/\/api.w.org\/{rel}","templated":true}]}}