{"id":9744,"date":"2017-09-25T14:19:18","date_gmt":"2017-09-25T14:19:18","guid":{"rendered":"http:\/\/centralmedia.rs\/?p=9744"},"modified":"2017-09-25T14:19:18","modified_gmt":"2017-09-25T14:19:18","slug":"prva-grupa-radnika-staklare-dobila-otkaze-ugovora-foto","status":"publish","type":"post","link":"https:\/\/centralmedia.rs\/index.php\/2017\/09\/25\/prva-grupa-radnika-staklare-dobila-otkaze-ugovora-foto\/","title":{"rendered":"PRVA GRUPA RADNIKA STAKLARE DOBILA OTKAZE UGOVORA (foto)"},"content":{"rendered":"<p>PARA\u0106IN-Prvoj grupi od 30 biv\u0161ih radnika Srpske fabrike stakla danas su uru\u010dena re\u0161enja o otkazu ugovora o radu i oni imaju rok od 30 dana da se prijave Nacionalnoj slu\u017ebi za zapo\u0161ljavanje.<\/p>\n<div id='gallery-1' class='gallery galleryid-9744 gallery-columns-5 gallery-size-thumbnail'><figure class='gallery-item'>\n\t\t\t<div class='gallery-icon landscape'>\n\t\t\t\t<a href='https:\/\/centralmedia.rs\/index.php\/2017\/09\/25\/prva-grupa-radnika-staklare-dobila-otkaze-ugovora-foto\/bivsi-radnici-1\/'><img loading=\"lazy\" decoding=\"async\" width=\"150\" height=\"150\" src=\"https:\/\/centralmedia.rs\/wp-content\/uploads\/2017\/09\/bivsi-radnici-1-150x150.jpg\" class=\"attachment-thumbnail size-thumbnail\" alt=\"\" \/><\/a>\n\t\t\t<\/div><\/figure><figure class='gallery-item'>\n\t\t\t<div class='gallery-icon landscape'>\n\t\t\t\t<a href='https:\/\/centralmedia.rs\/index.php\/2017\/09\/25\/prva-grupa-radnika-staklare-dobila-otkaze-ugovora-foto\/bivsi-radnici\/'><img loading=\"lazy\" decoding=\"async\" width=\"150\" height=\"150\" src=\"https:\/\/centralmedia.rs\/wp-content\/uploads\/2017\/09\/bivsi-radnici-150x150.jpg\" class=\"attachment-thumbnail size-thumbnail\" alt=\"\" \/><\/a>\n\t\t\t<\/div><\/figure><figure class='gallery-item'>\n\t\t\t<div class='gallery-icon landscape'>\n\t\t\t\t<a href='https:\/\/centralmedia.rs\/index.php\/2017\/09\/25\/prva-grupa-radnika-staklare-dobila-otkaze-ugovora-foto\/sfs-2\/'><img loading=\"lazy\" decoding=\"async\" width=\"150\" height=\"150\" src=\"https:\/\/centralmedia.rs\/wp-content\/uploads\/2017\/09\/sfs-150x150.jpg\" class=\"attachment-thumbnail size-thumbnail\" alt=\"\" \/><\/a>\n\t\t\t<\/div><\/figure><figure class='gallery-item'>\n\t\t\t<div class='gallery-icon landscape'>\n\t\t\t\t<a href='https:\/\/centralmedia.rs\/index.php\/2017\/09\/25\/prva-grupa-radnika-staklare-dobila-otkaze-ugovora-foto\/spiskovi\/'><img loading=\"lazy\" decoding=\"async\" width=\"150\" height=\"150\" src=\"https:\/\/centralmedia.rs\/wp-content\/uploads\/2017\/09\/spiskovi-150x150.jpg\" class=\"attachment-thumbnail size-thumbnail\" alt=\"\" \/><\/a>\n\t\t\t<\/div><\/figure><figure class='gallery-item'>\n\t\t\t<div class='gallery-icon landscape'>\n\t\t\t\t<a href='https:\/\/centralmedia.rs\/index.php\/2017\/09\/25\/prva-grupa-radnika-staklare-dobila-otkaze-ugovora-foto\/spiskovi-1\/'><img loading=\"lazy\" decoding=\"async\" width=\"150\" height=\"150\" src=\"https:\/\/centralmedia.rs\/wp-content\/uploads\/2017\/09\/spiskovi-1-150x150.jpg\" class=\"attachment-thumbnail size-thumbnail\" alt=\"\" \/><\/a>\n\t\t\t<\/div><\/figure>\n\t\t<\/div>\n\n<p>Na spisku prekobrojnih je 230 radnika, dok je na poslu zadr\u017eano oko 600. To je usledilo posle otvaranja ste\u010daja u Staklari pro\u0161le srede, po predlogu Veksilum Balkan iz \u010ca\u010dka za dug od 47 miliona evra, poverioci ostatka duga do 80 miliona evra su Srbijagas i EPS. Biv\u0161i radnici su bili nervozni i nezdovoljni \u0161to su se ba\u0161 oni na\u0161li na spisku prekobrojnih, jutros je bilo prisutno i osam automobila policije, ali posle obja\u0161njenja pravnika iz sindikata radnici su prihvatili da potpi\u0161u otkaz ugovora. Pored radnika, na spisku za otkaz su se na\u0161li i biv\u0161i rukovodici generalna direktorka Verica Matkovi\u0107 i \u0161ef pravne slu\u017ebe Goran Divac, kao i direktor jednog od pogona Boban Radonji\u0107. Ono \u0161to su biv\u0161i radnici primetili kao nelogi\u010dnost na spisku je 230 imena radnika, dok je na rasporedu za prijem grupa predvi\u0111eno 270 imena, dakle jo\u0161 40 radnika treba da o\u010dekuju otkaze.<\/p>\n","protected":false},"excerpt":{"rendered":"<p>PARA\u0106IN-Prvoj grupi od 30 biv\u0161ih radnika Srpske fabrike stakla danas su uru\u010dena re\u0161enja o otkazu ugovora o radu i oni imaju rok od 30 dana &hellip; <\/p>\n","protected":false},"author":4,"featured_media":9745,"comment_status":"open","ping_status":"open","sticky":false,"template":"","format":"standard","meta":{"footnotes":""},"categories":[14,1524,2,1516,887,12],"tags":[2332,156,158],"_links":{"self":[{"href":"https:\/\/centralmedia.rs\/index.php\/wp-json\/wp\/v2\/posts\/9744"}],"collection":[{"href":"https:\/\/centralmedia.rs\/index.php\/wp-json\/wp\/v2\/posts"}],"about":[{"href":"https:\/\/centralmedia.rs\/index.php\/wp-json\/wp\/v2\/types\/post"}],"author":[{"embeddable":true,"href":"https:\/\/centralmedia.rs\/index.php\/wp-json\/wp\/v2\/users\/4"}],"replies":[{"embeddable":true,"href":"https:\/\/centralmedia.rs\/index.php\/wp-json\/wp\/v2\/comments?post=9744"}],"version-history":[{"count":1,"href":"https:\/\/centralmedia.rs\/index.php\/wp-json\/wp\/v2\/posts\/9744\/revisions"}],"predecessor-version":[{"id":9751,"href":"https:\/\/centralmedia.rs\/index.php\/wp-json\/wp\/v2\/posts\/9744\/revisions\/9751"}],"wp:featuredmedia":[{"embeddable":true,"href":"https:\/\/centralmedia.rs\/index.php\/wp-json\/wp\/v2\/media\/9745"}],"wp:attachment":[{"href":"https:\/\/centralmedia.rs\/index.php\/wp-json\/wp\/v2\/media?parent=9744"}],"wp:term":[{"taxonomy":"category","embeddable":true,"href":"https:\/\/centralmedia.rs\/index.php\/wp-json\/wp\/v2\/categories?post=9744"},{"taxonomy":"post_tag","embeddable":true,"href":"https:\/\/centralmedia.rs\/index.php\/wp-json\/wp\/v2\/tags?post=9744"}],"curies":[{"name":"wp","href":"https:\/\/api.w.org\/{rel}","templated":true}]}}