{"id":975,"date":"2015-10-23T16:07:12","date_gmt":"2015-10-23T16:07:12","guid":{"rendered":"http:\/\/www.centralmedia.rs\/?p=975"},"modified":"2015-10-25T17:24:02","modified_gmt":"2015-10-25T17:24:02","slug":"klostridija-ubija-u-cupriji","status":"publish","type":"post","link":"https:\/\/centralmedia.rs\/index.php\/2015\/10\/23\/klostridija-ubija-u-cupriji\/","title":{"rendered":"KLOSTRIDIJA UBIJA U \u0106UPRIJI"},"content":{"rendered":"<p>DVOJE UMRLO, DVOJE  ZARA\u017dENO<br \/>\n\u0106UPRIJA-Lekari sa Odeljenja ortopedije \u0107uprijske Op\u0161te bolnice potvrdili su da je u proteklih mesec i po dana na tom odeljenju zabele\u017eeno je osam do deset slu\u010dajeva infekcije pacijenata opasnom bakterijom klostridijom i dva sa smrtnim ishodom, te da u sobi broj 10 le\u017ee dve pacijentkinje zara\u017eene tom bakterijom. Ministarstvo zdravlja je samo konstatovalo da su provere u toku i da se o uzrocima smrti pacijenta utvr\u0111uju pravi razlozi.<br \/>\nLekari, me\u0111utim, ovakvu situaciju na odeljenju nazivaju epidemijom, ali se i javno pitaju za\u0161to niko od odgovornih ni\u0161ta ne preduzima da bi spe\u010dio dalje \u0161irenje infekcije. Zdravstveni inspektori odpo\u010deli su u petak postupak nadzora u toj zdravstvenoj ustanovi, me\u0111utim, oni nisu ni zakora\u010dili na odeljenje, ali su uredno napisali izve\u0161taj do kog uprkos mnogobrojnim zahtevima Blic nije uspeo da do\u0111e. Epidemiolo\u0161ka slu\u017eba Zavoda za javno zdravlje ne \u017eeli da pri\u010da o tom problemu, bolni\u010dka Komisija za epidemije \u0107uti, dok direktor dr Marko Ili\u0107 po obi\u010daju odbija svaki kontakt sa medijima.<br \/>\n\t-Slu\u010daj smrti Dragice Pavli\u010devi\u0107 (52), mlade \u017eene, dovoljno govori o te\u0161koj situaciji na odeljenju. Ona je ispu\u0161ten i zapu\u0161ten pacijent. Pre nje zbog klostridije je preminuo stariji \u010dovek pro\u0161le nedelje. Trenutno su dve pacijentkinje u sobi broj 10 zara\u017eene klostridijom, navode lekari sa ortopedije i dodaju da treba \u0161to hitnije zatvoriti odeljenje i potpuno ga dezinfikovati hlorom, jer jedino je to siguran put uni\u0161tenja opasne bakterije, koju nazivaju ubicom, a ne dezinfekcija alkoholom.<br \/>\n<figure id=\"attachment_734\" aria-describedby=\"caption-attachment-734\" style=\"width: 262px\" class=\"wp-caption alignnone\"><a href=\"https:\/\/centralmedia.rs\/wp-content\/uploads\/2015\/10\/dragica-pavlicic-cuprija-g.j..jpg\"><img loading=\"lazy\" decoding=\"async\" src=\"https:\/\/centralmedia.rs\/wp-content\/uploads\/2015\/10\/dragica-pavlicic-cuprija-g.j.-262x300.jpg\" alt=\"dragica pavlicevic\" width=\"262\" height=\"300\" class=\"size-medium wp-image-734\" srcset=\"https:\/\/centralmedia.rs\/wp-content\/uploads\/2015\/10\/dragica-pavlicic-cuprija-g.j.-262x300.jpg 262w, https:\/\/centralmedia.rs\/wp-content\/uploads\/2015\/10\/dragica-pavlicic-cuprija-g.j..jpg 816w\" sizes=\"(max-width: 262px) 100vw, 262px\" \/><\/a><figcaption id=\"caption-attachment-734\" class=\"wp-caption-text\">dragica pavlicevic<\/figcaption><\/figure><br \/>\n\t-Lo\u0161a higijena na odeljenju, ne sprovo\u0111enje li\u010dne higijene pacijenata i osoblja, dugo le\u017eanje pacijenata i ne kontrolosana primena antibiotika su uzrok masovne pojave infekcije klostridijom, obja\u0161njavaju lekari i tvrde da klostridije ima na drugim odeljenjenjima te ustanove, ali da je pod kontrolom.<br \/>\nOni prepru\u010duju da se pored zatvaranja i dezinfekcije, odeljenje  opremi osnovnim higijenski sredstvima, toplom vodom, sapunom, zatim da se toalieti i kupatila opreme slavinama i osposobe za higijenu pacijenata i osoblja.<br \/>\n\t-\u010cinjenica je da se ni\u0161ta ne preduzima, iako je situacija izmakla kontroli i mo\u017ee da se nazove epidemijom klostridije sa visokim procentom smrtnosti. Direktor bolnice je predsenik Komisije za bolni\u010dke epidemije i opet se ni\u0161ta ne preduzima, nagla\u0161avaju lekari.<br \/>\n       Porodica Dragice Pavli\u010devi\u0107 najavila je tu\u017ebu protiv bolnice i odgovornih zbog propust i ne brige.<br \/>\n \t-Niko nas iz bolnice jo\u0161 uvek nije kontaktirao. \u010cak ni otpusnu listu i njene stvari jo\u0161 uvek nismo dobili. Tu\u017ei\u0107emo odgovorene. Pogotovu zato jer je  dr Ljubi\u0107 izjavio da je on tra\u017eio obdukciju. A to nije ta\u010dno. Obdukciju je tra\u017eila dr Darjana Veliki\u0107 sa intenzivne nege, ka\u017ee skrhana bolom Dragicina \u0107erka Ivana Stefanovi\u0107 koja \u017eivi u Para\u0107inu.<br \/>\nDragica je sahranjena u sredu na groblju u \u0106upriji.<br \/>\n<figure id=\"attachment_733\" aria-describedby=\"caption-attachment-733\" style=\"width: 300px\" class=\"wp-caption alignnone\"><a href=\"https:\/\/centralmedia.rs\/wp-content\/uploads\/2015\/10\/bolnica-cuprija-2-cuprija-g.j..jpg\"><img loading=\"lazy\" decoding=\"async\" src=\"https:\/\/centralmedia.rs\/wp-content\/uploads\/2015\/10\/bolnica-cuprija-2-cuprija-g.j.-300x225.jpg\" alt=\"Op\u0161ta bolnica u \u0106upriji\" width=\"300\" height=\"225\" class=\"size-medium wp-image-733\" srcset=\"https:\/\/centralmedia.rs\/wp-content\/uploads\/2015\/10\/bolnica-cuprija-2-cuprija-g.j.-300x225.jpg 300w, https:\/\/centralmedia.rs\/wp-content\/uploads\/2015\/10\/bolnica-cuprija-2-cuprija-g.j.-80x60.jpg 80w, https:\/\/centralmedia.rs\/wp-content\/uploads\/2015\/10\/bolnica-cuprija-2-cuprija-g.j.-265x198.jpg 265w, https:\/\/centralmedia.rs\/wp-content\/uploads\/2015\/10\/bolnica-cuprija-2-cuprija-g.j..jpg 900w\" sizes=\"(max-width: 300px) 100vw, 300px\" \/><\/a><figcaption id=\"caption-attachment-733\" class=\"wp-caption-text\">Op\u0161ta bolnica u \u0106upriji<\/figcaption><\/figure><br \/>\nMINISTARSTVO ZDRAVLJA<br \/>\n-Ministarstvo zdravlja je odmah nakon saznanja nalo\u017eilo inspekcijskim slu\u017ebama da obave nadzor i izveste nadle\u017ene slu\u017ebe o rezultatima. Izve\u0161taj je u fazi izrade, tako da jo\u0161 nije mogu\u0107 uvid u nalaze inspektora.<br \/>\nPrema do sada raspolo\u017eivim podacima ministarstva, ne mo\u017ee se sa sigurni\u0161\u0107u tvrditi da je u konkretnom slu\u010daju uzrok smrti pacijetkinje bakterija klostridija, jer se jo\u0161 utvr\u0111uju pravi razlozi.<br \/>\nTako\u0111e, nagla\u0161avamo da se ne mo\u017ee govoriti o &#8220;epidemijskom karakteru&#8221; klostridije u Op\u0161toj bolnici u \u0106upriji, s obzirom da nadle\u017enim institucijama nije prijavljena nikakva epidemija koja bi imala veze sa navedenim slu\u010dajevima, stoji u saop\u0161tenju ministarstva<\/p>\n","protected":false},"excerpt":{"rendered":"<p>DVOJE UMRLO, DVOJE ZARA\u017dENO \u0106UPRIJA-Lekari sa Odeljenja ortopedije \u0107uprijske Op\u0161te bolnice potvrdili su da je u proteklih mesec i po dana na tom odeljenju zabele\u017eeno &hellip; <\/p>\n","protected":false},"author":4,"featured_media":976,"comment_status":"open","ping_status":"open","sticky":false,"template":"","format":"standard","meta":{"footnotes":""},"categories":[20],"tags":[135,44,154],"_links":{"self":[{"href":"https:\/\/centralmedia.rs\/index.php\/wp-json\/wp\/v2\/posts\/975"}],"collection":[{"href":"https:\/\/centralmedia.rs\/index.php\/wp-json\/wp\/v2\/posts"}],"about":[{"href":"https:\/\/centralmedia.rs\/index.php\/wp-json\/wp\/v2\/types\/post"}],"author":[{"embeddable":true,"href":"https:\/\/centralmedia.rs\/index.php\/wp-json\/wp\/v2\/users\/4"}],"replies":[{"embeddable":true,"href":"https:\/\/centralmedia.rs\/index.php\/wp-json\/wp\/v2\/comments?post=975"}],"version-history":[{"count":0,"href":"https:\/\/centralmedia.rs\/index.php\/wp-json\/wp\/v2\/posts\/975\/revisions"}],"wp:featuredmedia":[{"embeddable":true,"href":"https:\/\/centralmedia.rs\/index.php\/wp-json\/wp\/v2\/media\/976"}],"wp:attachment":[{"href":"https:\/\/centralmedia.rs\/index.php\/wp-json\/wp\/v2\/media?parent=975"}],"wp:term":[{"taxonomy":"category","embeddable":true,"href":"https:\/\/centralmedia.rs\/index.php\/wp-json\/wp\/v2\/categories?post=975"},{"taxonomy":"post_tag","embeddable":true,"href":"https:\/\/centralmedia.rs\/index.php\/wp-json\/wp\/v2\/tags?post=975"}],"curies":[{"name":"wp","href":"https:\/\/api.w.org\/{rel}","templated":true}]}}