{"id":9752,"date":"2017-09-25T14:27:46","date_gmt":"2017-09-25T14:27:46","guid":{"rendered":"http:\/\/centralmedia.rs\/?p=9752"},"modified":"2017-09-26T13:34:25","modified_gmt":"2017-09-26T13:34:25","slug":"zlocin-u-paracinu-ubio-brata-zbog-ljubomore","status":"publish","type":"post","link":"https:\/\/centralmedia.rs\/index.php\/2017\/09\/25\/zlocin-u-paracinu-ubio-brata-zbog-ljubomore\/","title":{"rendered":"ZLO\u010cIN U PARA\u0106INU &#8211; UBIO BRATA ZBOG LJUBOMORE"},"content":{"rendered":"<p>PARA\u0106IN-Rasima Tahira (53) iz Trstenika danas je u Para\u0107inu ubio brat po ocu Mile Kiti\u0107 (50) iz Trstenika, te poku\u0161ao da ubije njegovu prijateljicu S.L. (49). M.K. je na svog brata pucao iz pi\u0161tolja 7,65\u00a0 i hicem pogodio u predelu glave. On je u hodniku zgrade sa\u010dekao T.R. i posle glasne rasprave pucao mu u glavu, a zatim je pucao u pravcu Sla\u0111anu L. ali je proma\u0161io. Pretpostavlja se da je motiv za ubistvo ljubomora, jer je S.L. ranije bila bliska sa Kiti\u0107em, koji je ina\u010de promenio ime i prezime. Policija traga za ubicom.<\/p>\n<div id='gallery-1' class='gallery galleryid-9752 gallery-columns-5 gallery-size-thumbnail'><figure class='gallery-item'>\n\t\t\t<div class='gallery-icon landscape'>\n\t\t\t\t<a href='https:\/\/centralmedia.rs\/index.php\/2017\/09\/25\/zlocin-u-paracinu-ubio-brata-zbog-ljubomore\/kristina-petrovic\/'><img loading=\"lazy\" decoding=\"async\" width=\"150\" height=\"150\" src=\"https:\/\/centralmedia.rs\/wp-content\/uploads\/2017\/09\/kristina-petrovic-150x150.jpg\" class=\"attachment-thumbnail size-thumbnail\" alt=\"\" \/><\/a>\n\t\t\t<\/div><\/figure><figure class='gallery-item'>\n\t\t\t<div class='gallery-icon landscape'>\n\t\t\t\t<a href='https:\/\/centralmedia.rs\/index.php\/2017\/09\/25\/zlocin-u-paracinu-ubio-brata-zbog-ljubomore\/komsije\/'><img loading=\"lazy\" decoding=\"async\" width=\"150\" height=\"150\" src=\"https:\/\/centralmedia.rs\/wp-content\/uploads\/2017\/09\/komsije-150x150.jpg\" class=\"attachment-thumbnail size-thumbnail\" alt=\"\" \/><\/a>\n\t\t\t<\/div><\/figure><figure class='gallery-item'>\n\t\t\t<div class='gallery-icon landscape'>\n\t\t\t\t<a href='https:\/\/centralmedia.rs\/index.php\/2017\/09\/25\/zlocin-u-paracinu-ubio-brata-zbog-ljubomore\/krvu-u-obliku-srca\/'><img loading=\"lazy\" decoding=\"async\" width=\"150\" height=\"150\" src=\"https:\/\/centralmedia.rs\/wp-content\/uploads\/2017\/09\/krvu-u-obliku-srca-150x150.jpg\" class=\"attachment-thumbnail size-thumbnail\" alt=\"\" \/><\/a>\n\t\t\t<\/div><\/figure><figure class='gallery-item'>\n\t\t\t<div class='gallery-icon landscape'>\n\t\t\t\t<a href='https:\/\/centralmedia.rs\/index.php\/2017\/09\/25\/zlocin-u-paracinu-ubio-brata-zbog-ljubomore\/stojan-matic\/'><img loading=\"lazy\" decoding=\"async\" width=\"150\" height=\"150\" src=\"https:\/\/centralmedia.rs\/wp-content\/uploads\/2017\/09\/stojan-matic-150x150.jpg\" class=\"attachment-thumbnail size-thumbnail\" alt=\"\" \/><\/a>\n\t\t\t<\/div><\/figure><figure class='gallery-item'>\n\t\t\t<div class='gallery-icon portrait'>\n\t\t\t\t<a href='https:\/\/centralmedia.rs\/index.php\/2017\/09\/25\/zlocin-u-paracinu-ubio-brata-zbog-ljubomore\/stan-rasima-tahira\/'><img loading=\"lazy\" decoding=\"async\" width=\"150\" height=\"150\" src=\"https:\/\/centralmedia.rs\/wp-content\/uploads\/2017\/09\/stan-rasima-tahira-150x150.jpg\" class=\"attachment-thumbnail size-thumbnail\" alt=\"\" \/><\/a>\n\t\t\t<\/div><\/figure>\n\t\t<\/div>\n\n<p>-Spavala sam i \u010dula kroz san raspravu u hodniku, pucnjeve i neku osobu koja je udarala u vrata i tra\u017eila pomo\u0107. Pozvala sam policiju, a kada sam iza\u0161la videla sam \u010doveka u lokvi krvi. U \u0161oku sam i ne mogu da verujem \u0161ta se dogodilo, ka\u017ee stanarka zgrade Kristina Petrovi\u0107.<\/p>\n<p>Stanari su primetili nepoznatog \u010doveka koji se nekoliko poslednjih dana krio u zadnjem delu dvori\u0161ta stambene zgrade. Kada je Rasim sa svojom prijateljicom si\u0161ao sprat ni\u017ee, Mile je uleteo u hodnik, po\u010deo je glasno da pri\u010dao i pucao u brata.<\/p>\n<p>-\u010cuo sam prvo vrisku \u017eene, zatim op\u0161tu vrisku u hodniku, nekoliko pucnjeva iz pi\u0161tolja, mislim da je bilo tri. Nisam izlazio iz stana. Primetio sam jednog \u010doveka da se tu motao nekoliko poslednjih dana. Zatekao sam ga u podrumu, nosio je kapu na glavi izvinjavao se i oti\u0161ao. U njihovom stanu je stalno bilo veselo, ka\u017ee kom\u0161ija Stojan Mati\u0107.<\/p>\n<p>Sla\u0111anu L. je policija saslu\u0161ala o okolnostima koji su doveli do ubistva. Kom\u0161ije koje su se okupile ispred zgrade pri\u010dale su da su zaticali Mileta u parku, da se raspitivao gde Rasim stanuje i da je najavljivao da \u0107e da ga ubije zbog Sla\u0111e, koja je ranije \u017eivela sa njim.<\/p>\n<p>-Rasim je \u017eiveo sa Sla\u0111om u iznajmljenom stanu na drugom spratu. Dolazila sam kod njih u posetu, bili su dobri i mirni ljudi. Bili su u vezi, ka\u017ee kom\u0161ika Svetlana Raki\u0107.<\/p>\n<p>Ispred zgrade su u toku uvi\u0111aja bili i prijatelji Rasima Tahira, ali oni nisu hteli da pri\u010daju.<\/p>\n","protected":false},"excerpt":{"rendered":"<p>PARA\u0106IN-Rasima Tahira (53) iz Trstenika danas je u Para\u0107inu ubio brat po ocu Mile Kiti\u0107 (50) iz Trstenika, te poku\u0161ao da ubije njegovu prijateljicu S.L. &hellip; <\/p>\n","protected":false},"author":4,"featured_media":9753,"comment_status":"open","ping_status":"open","sticky":false,"template":"","format":"standard","meta":{"footnotes":""},"categories":[1524,20,2,1516],"tags":[2335,156,1359],"_links":{"self":[{"href":"https:\/\/centralmedia.rs\/index.php\/wp-json\/wp\/v2\/posts\/9752"}],"collection":[{"href":"https:\/\/centralmedia.rs\/index.php\/wp-json\/wp\/v2\/posts"}],"about":[{"href":"https:\/\/centralmedia.rs\/index.php\/wp-json\/wp\/v2\/types\/post"}],"author":[{"embeddable":true,"href":"https:\/\/centralmedia.rs\/index.php\/wp-json\/wp\/v2\/users\/4"}],"replies":[{"embeddable":true,"href":"https:\/\/centralmedia.rs\/index.php\/wp-json\/wp\/v2\/comments?post=9752"}],"version-history":[{"count":3,"href":"https:\/\/centralmedia.rs\/index.php\/wp-json\/wp\/v2\/posts\/9752\/revisions"}],"predecessor-version":[{"id":9774,"href":"https:\/\/centralmedia.rs\/index.php\/wp-json\/wp\/v2\/posts\/9752\/revisions\/9774"}],"wp:featuredmedia":[{"embeddable":true,"href":"https:\/\/centralmedia.rs\/index.php\/wp-json\/wp\/v2\/media\/9753"}],"wp:attachment":[{"href":"https:\/\/centralmedia.rs\/index.php\/wp-json\/wp\/v2\/media?parent=9752"}],"wp:term":[{"taxonomy":"category","embeddable":true,"href":"https:\/\/centralmedia.rs\/index.php\/wp-json\/wp\/v2\/categories?post=9752"},{"taxonomy":"post_tag","embeddable":true,"href":"https:\/\/centralmedia.rs\/index.php\/wp-json\/wp\/v2\/tags?post=9752"}],"curies":[{"name":"wp","href":"https:\/\/api.w.org\/{rel}","templated":true}]}}