{"id":9770,"date":"2017-09-26T11:47:06","date_gmt":"2017-09-26T11:47:06","guid":{"rendered":"http:\/\/centralmedia.rs\/?p=9770"},"modified":"2017-09-26T13:36:31","modified_gmt":"2017-09-26T13:36:31","slug":"stecaj-u-paracinskoj-staklari-visak-jos-40-radnika","status":"publish","type":"post","link":"https:\/\/centralmedia.rs\/index.php\/2017\/09\/26\/stecaj-u-paracinskoj-staklari-visak-jos-40-radnika\/","title":{"rendered":"STE\u010cAJ U PARA\u0106INSKOJ STAKLARI &#8211;  VI\u0160AK JO\u0160 40 RADNIKA?"},"content":{"rendered":"<p>PARA\u0106IN-Ste\u010dajni upravnik Srpske fabrike stakla Sa\u0161a Jovanovi\u0107 obajvio je spisak sa 230 imena biv\u0161ih radnika tog preduze\u0107a koji su vi\u0161ak u postupku sprovo\u0111enja ste\u010daja, ali je tako\u0111e predvideo da se 270 lica, po grupama do 7. oktobra javi za razdu\u017eenje i potpisivanje otkaza. Razlika od 40 je zbunila biv\u0161e radnike, ali upla\u0161ilo one koji su za sada ostali.<a href=\"https:\/\/centralmedia.rs\/wp-content\/uploads\/2017\/09\/spiskovi-1-1.jpg\"><img loading=\"lazy\" decoding=\"async\" class=\"alignright size-medium wp-image-9771\" src=\"https:\/\/centralmedia.rs\/wp-content\/uploads\/2017\/09\/spiskovi-1-1-300x225.jpg\" alt=\"\" width=\"300\" height=\"225\" srcset=\"https:\/\/centralmedia.rs\/wp-content\/uploads\/2017\/09\/spiskovi-1-1-300x225.jpg 300w, https:\/\/centralmedia.rs\/wp-content\/uploads\/2017\/09\/spiskovi-1-1-768x576.jpg 768w, https:\/\/centralmedia.rs\/wp-content\/uploads\/2017\/09\/spiskovi-1-1-80x60.jpg 80w, https:\/\/centralmedia.rs\/wp-content\/uploads\/2017\/09\/spiskovi-1-1-265x198.jpg 265w, https:\/\/centralmedia.rs\/wp-content\/uploads\/2017\/09\/spiskovi-1-1.jpg 900w\" sizes=\"(max-width: 300px) 100vw, 300px\" \/><\/a><\/p>\n<p>-Ne znam da li \u0107e ste\u010dajni upravnik dodati jo\u0161 radnika na spisak za otkaz. Nisam video ste\u010dajnog upravnika. Verovatno da se spisak ne\u0107e zaustaviti na broju 230. Ljudi su ogor\u010deni i upla\u0161eni, ka\u017ee biv\u0161i sindikalista \u017divojini Mateji\u0107.<\/p>\n<p>Ju\u010de je u tu fabriku po\u0161tom stigla odluka o otvaranju ste\u010daja Privrednog suda u Kragujevcu i po\u010deo da te\u010de rok za \u017ealbu od osam dana. Ono \u0161to je, me\u0111utim, zbunilo radnike i biv\u0161e rukovodstvo je odluka sudije Branislava Jovovi\u0107a da \u017ealba ne odla\u017ee sprovo\u0111enje ste\u010dajnih radnji.<\/p>\n<p>-\u0160ta to treba da zna\u010di, da je sudija svoju odluku proglasio pravosna\u017enom ne \u010dekaju\u0107i eventualno suprotnu odluku Apelacionog suda. \u0160ta \u0107e biti u slu\u010daju da Apelacioni sud obori njegovu odluku o otvaranju ste\u010daja, ko \u0107e platiti sudske tro\u0161kove povratka radnika na posao, pitaju se radnici.<\/p>\n<p>&nbsp;<\/p>\n","protected":false},"excerpt":{"rendered":"<p>PARA\u0106IN-Ste\u010dajni upravnik Srpske fabrike stakla Sa\u0161a Jovanovi\u0107 obajvio je spisak sa 230 imena biv\u0161ih radnika tog preduze\u0107a koji su vi\u0161ak u postupku sprovo\u0111enja ste\u010daja, ali &hellip; <\/p>\n","protected":false},"author":4,"featured_media":9747,"comment_status":"open","ping_status":"open","sticky":false,"template":"","format":"standard","meta":{"footnotes":""},"categories":[22,14,1524,2,1516,887,12],"tags":[156,158,239],"_links":{"self":[{"href":"https:\/\/centralmedia.rs\/index.php\/wp-json\/wp\/v2\/posts\/9770"}],"collection":[{"href":"https:\/\/centralmedia.rs\/index.php\/wp-json\/wp\/v2\/posts"}],"about":[{"href":"https:\/\/centralmedia.rs\/index.php\/wp-json\/wp\/v2\/types\/post"}],"author":[{"embeddable":true,"href":"https:\/\/centralmedia.rs\/index.php\/wp-json\/wp\/v2\/users\/4"}],"replies":[{"embeddable":true,"href":"https:\/\/centralmedia.rs\/index.php\/wp-json\/wp\/v2\/comments?post=9770"}],"version-history":[{"count":2,"href":"https:\/\/centralmedia.rs\/index.php\/wp-json\/wp\/v2\/posts\/9770\/revisions"}],"predecessor-version":[{"id":9775,"href":"https:\/\/centralmedia.rs\/index.php\/wp-json\/wp\/v2\/posts\/9770\/revisions\/9775"}],"wp:featuredmedia":[{"embeddable":true,"href":"https:\/\/centralmedia.rs\/index.php\/wp-json\/wp\/v2\/media\/9747"}],"wp:attachment":[{"href":"https:\/\/centralmedia.rs\/index.php\/wp-json\/wp\/v2\/media?parent=9770"}],"wp:term":[{"taxonomy":"category","embeddable":true,"href":"https:\/\/centralmedia.rs\/index.php\/wp-json\/wp\/v2\/categories?post=9770"},{"taxonomy":"post_tag","embeddable":true,"href":"https:\/\/centralmedia.rs\/index.php\/wp-json\/wp\/v2\/tags?post=9770"}],"curies":[{"name":"wp","href":"https:\/\/api.w.org\/{rel}","templated":true}]}}