{"id":9780,"date":"2017-09-26T22:56:20","date_gmt":"2017-09-26T22:56:20","guid":{"rendered":"http:\/\/centralmedia.rs\/?p=9780"},"modified":"2017-09-26T22:56:20","modified_gmt":"2017-09-26T22:56:20","slug":"udruzenja-osudjuju-zloupotrebu-osoba-sa-invaliditetom-u-politicke-svrhe","status":"publish","type":"post","link":"https:\/\/centralmedia.rs\/index.php\/2017\/09\/26\/udruzenja-osudjuju-zloupotrebu-osoba-sa-invaliditetom-u-politicke-svrhe\/","title":{"rendered":"UDRU\u017dENJA OSU\u0110UJU ZLOUPOTREBU OSOBA SA INVALIDITETOM U POLITI\u010cKE SVRHE"},"content":{"rendered":"<p>PARA\u0106IN-Udru\u017eenja osoba sa invaliditetom u Para\u0107inu osudili su zloupotrebu osoba sa invaliditetom za politi\u010dka prepucavanja i pridobijanje politi\u010dkih i li\u010dnih poena. Re\u010d je o \u010dlanku objavljenom na internet portalu ,,Embargo&#8221;.<\/p>\n<p>-Svako udru\u017eenje osoba sa invaliditetom koje konkuri\u0161e kod op\u0161tine dobija sredstva iz bud\u017eeta. Na\u0161e udru\u017eenje je dobilo ove godine znatno manje od ostalih, tako da ne stoji tvrdnja da smo miljenici predsednika op\u0161tine, ka\u017ee sekretar Udru\u017eenja distrofi\u010dara Pomoravskog okruga Jovica Milenkovi\u0107.<\/p>\n<p>Udru\u017eenja su reagovala i zbog re\u010di koje vre\u0111aju osobe sa invaliditetom i niza neistina,a to je bio povod zajedni\u010dkog obra\u0107anja medijima.<\/p>\n<p>-Ne treba optu\u017eivati ako nema dokaza. U \u010dlanku se radi o politici i ko je zastupa ja ne znam. Pominje se organizacija ,,Nada&#8221;, za koga oni i za\u0161to to rade, ja ne znam. Stajem u odbranu na\u0161eg drugara, ka\u017ee Ljubi\u0161a Stevi\u0107 iz Centra OSI.<\/p>\n<p>Podr\u0161ku su dali i predstavnici Organizacije slepih i slabovidih.<\/p>\n<p>-Normalno da to nije u redu, da nije ta\u010dno i da nije istina, rekao je Tiodor Veljkovi\u0107.<\/p>\n<p>-Mene vre\u0111a kada mi neko ka\u017ee da sam politi\u010dki ucenjena. To nije istina, isti\u010de Sne\u017eana Kova\u010devi\u0107.<\/p>\n<p>-Da li su dovoljna sredstva koja dobijamo? Nisu. Dobijamo onoliko koliko ima. Sada treba da demantujemo glupost i tro\u0161imo na\u0161e vreme na to, kazao je predsednik Udru\u017eenja paraplegi\u010dara Dimitrije Blagojevi\u0107.<\/p>\n<p>-Ni\u0161ta nije ta\u010dno u\u010dlanku, to je obi\u010dna la\u017e i nije vredno na\u0161eg komentara. Imamo odli\u010dnu saradnju sa op\u0161tinom, dobijamo sredstva od op\u0161tine preko konkursa, istakala je Danijela Milojkovi\u0107 iz Udru\u017eenja za de\u010diju i cerebralnu paralizu.<\/p>\n<p>Predstavnici udru\u017eenja su zatra\u017eili izvinjenje od internet portala ,,Embargo&#8221;.<\/p>\n","protected":false},"excerpt":{"rendered":"<p>PARA\u0106IN-Udru\u017eenja osoba sa invaliditetom u Para\u0107inu osudili su zloupotrebu osoba sa invaliditetom za politi\u010dka prepucavanja i pridobijanje politi\u010dkih i li\u010dnih poena. Re\u010d je o \u010dlanku &hellip; <\/p>\n","protected":false},"author":4,"featured_media":9781,"comment_status":"open","ping_status":"open","sticky":false,"template":"","format":"standard","meta":{"footnotes":""},"categories":[14,1524,2,1516,887,12],"tags":[2340,156,2339],"_links":{"self":[{"href":"https:\/\/centralmedia.rs\/index.php\/wp-json\/wp\/v2\/posts\/9780"}],"collection":[{"href":"https:\/\/centralmedia.rs\/index.php\/wp-json\/wp\/v2\/posts"}],"about":[{"href":"https:\/\/centralmedia.rs\/index.php\/wp-json\/wp\/v2\/types\/post"}],"author":[{"embeddable":true,"href":"https:\/\/centralmedia.rs\/index.php\/wp-json\/wp\/v2\/users\/4"}],"replies":[{"embeddable":true,"href":"https:\/\/centralmedia.rs\/index.php\/wp-json\/wp\/v2\/comments?post=9780"}],"version-history":[{"count":1,"href":"https:\/\/centralmedia.rs\/index.php\/wp-json\/wp\/v2\/posts\/9780\/revisions"}],"predecessor-version":[{"id":9782,"href":"https:\/\/centralmedia.rs\/index.php\/wp-json\/wp\/v2\/posts\/9780\/revisions\/9782"}],"wp:featuredmedia":[{"embeddable":true,"href":"https:\/\/centralmedia.rs\/index.php\/wp-json\/wp\/v2\/media\/9781"}],"wp:attachment":[{"href":"https:\/\/centralmedia.rs\/index.php\/wp-json\/wp\/v2\/media?parent=9780"}],"wp:term":[{"taxonomy":"category","embeddable":true,"href":"https:\/\/centralmedia.rs\/index.php\/wp-json\/wp\/v2\/categories?post=9780"},{"taxonomy":"post_tag","embeddable":true,"href":"https:\/\/centralmedia.rs\/index.php\/wp-json\/wp\/v2\/tags?post=9780"}],"curies":[{"name":"wp","href":"https:\/\/api.w.org\/{rel}","templated":true}]}}