{"id":9783,"date":"2017-09-27T07:32:22","date_gmt":"2017-09-27T07:32:22","guid":{"rendered":"http:\/\/centralmedia.rs\/?p=9783"},"modified":"2017-09-27T07:32:22","modified_gmt":"2017-09-27T07:32:22","slug":"jagodinski-knjizevnici-osnivaju-novo-udruzenje-omaz-miloradu-radunovicu","status":"publish","type":"post","link":"https:\/\/centralmedia.rs\/index.php\/2017\/09\/27\/jagodinski-knjizevnici-osnivaju-novo-udruzenje-omaz-miloradu-radunovicu\/","title":{"rendered":"JAGODINSKI KNJI\u017dEVNICI OSNIVAJU NOVO UDRU\u017dENJE-OMA\u017d MILORADU RADUNOVI\u0106U"},"content":{"rendered":"<p>JAGODINA-Jagodinski knji\u017eevnici promovisali Almanah za 2016. godinu Knji\u017eevni krugovi. Na po\u010detku je odata po\u010dast preminulim knji\u017eevnicima,\u00a0 <a href=\"https:\/\/centralmedia.rs\/wp-content\/uploads\/2017\/09\/almanah-1.jpg\"><img loading=\"lazy\" decoding=\"async\" class=\"alignright size-thumbnail wp-image-9785\" src=\"https:\/\/centralmedia.rs\/wp-content\/uploads\/2017\/09\/almanah-1-150x150.jpg\" alt=\"\" width=\"150\" height=\"150\" \/><\/a>a zatim prire\u0111en oma\u017e preminulom knji\u017eevniku Miloradu Radunovi\u0107u, te je pro\u010ditano nekoliko njegovih pesama i poruke koje su mu uputili knji\u017eevnici.\u00a0 Almanah je godi\u0161njak svih objavljenih, nagra\u0111enih i pohvaljenih radova 52 jagodinska knji\u017eevnika.<\/p>\n<p><a href=\"https:\/\/centralmedia.rs\/wp-content\/uploads\/2017\/09\/almanah-2.jpg\"><img loading=\"lazy\" decoding=\"async\" class=\"alignleft size-thumbnail wp-image-9786\" src=\"https:\/\/centralmedia.rs\/wp-content\/uploads\/2017\/09\/almanah-2-150x150.jpg\" alt=\"\" width=\"150\" height=\"150\" \/><\/a>-Krugove je priredila neformalna grupa knji\u017eevnika, koja \u0107e formirati knji\u017eevno udru\u017eenje, bez ikakvih drugih odrednica sem knji\u017eevnosti. Re\u010d je o inicijativi za formiranje novog udru\u017eenja knji\u017eevnika, rekao je Vojislav Trumpi\u0107.<\/p>\n<p>Uz svaki prodati primerak almanaha poklonjen je po primerak knjige Milorada Radunovi\u0107a.<\/p>\n","protected":false},"excerpt":{"rendered":"<p>JAGODINA-Jagodinski knji\u017eevnici promovisali Almanah za 2016. godinu Knji\u017eevni krugovi. Na po\u010detku je odata po\u010dast preminulim knji\u017eevnicima,\u00a0 a zatim prire\u0111en oma\u017e preminulom knji\u017eevniku Miloradu Radunovi\u0107u, te &hellip; <\/p>\n","protected":false},"author":4,"featured_media":9784,"comment_status":"open","ping_status":"open","sticky":false,"template":"","format":"standard","meta":{"footnotes":""},"categories":[1524,2,1514,15,12],"tags":[2342,58,2341],"_links":{"self":[{"href":"https:\/\/centralmedia.rs\/index.php\/wp-json\/wp\/v2\/posts\/9783"}],"collection":[{"href":"https:\/\/centralmedia.rs\/index.php\/wp-json\/wp\/v2\/posts"}],"about":[{"href":"https:\/\/centralmedia.rs\/index.php\/wp-json\/wp\/v2\/types\/post"}],"author":[{"embeddable":true,"href":"https:\/\/centralmedia.rs\/index.php\/wp-json\/wp\/v2\/users\/4"}],"replies":[{"embeddable":true,"href":"https:\/\/centralmedia.rs\/index.php\/wp-json\/wp\/v2\/comments?post=9783"}],"version-history":[{"count":1,"href":"https:\/\/centralmedia.rs\/index.php\/wp-json\/wp\/v2\/posts\/9783\/revisions"}],"predecessor-version":[{"id":9787,"href":"https:\/\/centralmedia.rs\/index.php\/wp-json\/wp\/v2\/posts\/9783\/revisions\/9787"}],"wp:featuredmedia":[{"embeddable":true,"href":"https:\/\/centralmedia.rs\/index.php\/wp-json\/wp\/v2\/media\/9784"}],"wp:attachment":[{"href":"https:\/\/centralmedia.rs\/index.php\/wp-json\/wp\/v2\/media?parent=9783"}],"wp:term":[{"taxonomy":"category","embeddable":true,"href":"https:\/\/centralmedia.rs\/index.php\/wp-json\/wp\/v2\/categories?post=9783"},{"taxonomy":"post_tag","embeddable":true,"href":"https:\/\/centralmedia.rs\/index.php\/wp-json\/wp\/v2\/tags?post=9783"}],"curies":[{"name":"wp","href":"https:\/\/api.w.org\/{rel}","templated":true}]}}