{"id":9795,"date":"2017-09-27T20:37:21","date_gmt":"2017-09-27T20:37:21","guid":{"rendered":"http:\/\/centralmedia.rs\/?p=9795"},"modified":"2017-09-27T20:37:21","modified_gmt":"2017-09-27T20:37:21","slug":"protest-bivsih-radnika-staklare-u-paracinu-tito-ponovo-jase-na-celu-kolone","status":"publish","type":"post","link":"https:\/\/centralmedia.rs\/index.php\/2017\/09\/27\/protest-bivsih-radnika-staklare-u-paracinu-tito-ponovo-jase-na-celu-kolone\/","title":{"rendered":"PROTEST BIV\u0160IH RADNIKA STAKLARE U PARA\u0106INU &#8211; TITO PONOVO JA\u0160E NA \u010cELU KOLONE"},"content":{"rendered":"<p>PARA\u0106IN-Biv\u0161i radnici Srpske fabrike stakla iz Para\u0107ina, koja je od pro\u0161le srede u ste\u010daju, danas su organizovali protestnu \u0161etnju od tog preduze\u0107a do centra grada. Oni su nosili zastave SFRJ sa petokrakom, sliku i fotografije Tita, kao i transparente razli\u010ditog sadr\u017eaja, te pevali ,,Od Vardara pa do Triglava&#8221;. Oni su zatra\u017eili pomo\u0107 predsednik Srbije Aleksandra Vu\u010di\u0107a i premijerke Ane Brnabi\u0107.<\/p>\n<div id='gallery-1' class='gallery galleryid-9795 gallery-columns-4 gallery-size-thumbnail'><figure class='gallery-item'>\n\t\t\t<div class='gallery-icon landscape'>\n\t\t\t\t<a href='https:\/\/centralmedia.rs\/index.php\/2017\/09\/27\/protest-bivsih-radnika-staklare-u-paracinu-tito-ponovo-jase-na-celu-kolone\/stakalra-1\/'><img loading=\"lazy\" decoding=\"async\" width=\"150\" height=\"150\" src=\"https:\/\/centralmedia.rs\/wp-content\/uploads\/2017\/09\/stakalra-1-150x150.jpg\" class=\"attachment-thumbnail size-thumbnail\" alt=\"\" \/><\/a>\n\t\t\t<\/div><\/figure><figure class='gallery-item'>\n\t\t\t<div class='gallery-icon landscape'>\n\t\t\t\t<a href='https:\/\/centralmedia.rs\/index.php\/2017\/09\/27\/protest-bivsih-radnika-staklare-u-paracinu-tito-ponovo-jase-na-celu-kolone\/stakalra-3\/'><img loading=\"lazy\" decoding=\"async\" width=\"150\" height=\"150\" src=\"https:\/\/centralmedia.rs\/wp-content\/uploads\/2017\/09\/stakalra-3-150x150.jpg\" class=\"attachment-thumbnail size-thumbnail\" alt=\"\" \/><\/a>\n\t\t\t<\/div><\/figure><figure class='gallery-item'>\n\t\t\t<div class='gallery-icon landscape'>\n\t\t\t\t<a href='https:\/\/centralmedia.rs\/index.php\/2017\/09\/27\/protest-bivsih-radnika-staklare-u-paracinu-tito-ponovo-jase-na-celu-kolone\/stakalra\/'><img loading=\"lazy\" decoding=\"async\" width=\"150\" height=\"150\" src=\"https:\/\/centralmedia.rs\/wp-content\/uploads\/2017\/09\/stakalra-150x150.jpg\" class=\"attachment-thumbnail size-thumbnail\" alt=\"\" \/><\/a>\n\t\t\t<\/div><\/figure><figure class='gallery-item'>\n\t\t\t<div class='gallery-icon landscape'>\n\t\t\t\t<a href='https:\/\/centralmedia.rs\/index.php\/2017\/09\/27\/protest-bivsih-radnika-staklare-u-paracinu-tito-ponovo-jase-na-celu-kolone\/stakalra-4\/'><img loading=\"lazy\" decoding=\"async\" width=\"150\" height=\"150\" src=\"https:\/\/centralmedia.rs\/wp-content\/uploads\/2017\/09\/stakalra-4-150x150.jpg\" class=\"attachment-thumbnail size-thumbnail\" alt=\"\" \/><\/a>\n\t\t\t<\/div><\/figure>\n\t\t<\/div>\n\n<p>-Tra\u017eim da nam predsednik Vu\u010di\u0107 i permijerka Brnabi\u0107 pomognu jer smo postali socijalni slu\u010dajevi posle ste\u010daja. Nemamo vi\u0161e ni\u0161ta i sada na ulici tra\u017eimo da nam se vrati dostojanstvno \u010doveka. Ovde su poga\u017eena ljudska prava i pravo na \u017eivot, jer se ste\u010daj sprovodi preko le\u0111a najosetljivijh kategorija gra\u0111ana, ka\u017ee Aleksandra Stoajnovi\u0107.<\/p>\n<p>Ona je navela da su otkaze dobili invalidi, trudnice, bra\u010dni parovi, pa \u010dak i heroj sa Ko\u0161ara. Predsednik op\u0161tine Sa\u0161a Paunovi\u0107 obe\u0107ao je materijalnu pomo\u0107,ali predhodno sidnikati moraju da obrate zvani\u010dno op\u0161tini za socijalnu pomo\u0107.<\/p>\n<p>-Radnici Staklare nisu sami, oni su deo zajenice i tamo gde bude potrebno spremni smo da delujemo zajedno sa sindikatima i pru\u017eimo pomo\u0107. Staklara je privatno preduze\u0107e, ali i dalje prduze\u0107e od koga zavisi veliki broj porodica i ima \u0161ansu na tr\u017ei\u0161tu.\u00a0 Efikasan ste\u010dajni postupak mo\u017ee zna\u010diti novi po\u010detak. Staklara mo\u017ee da postane razvojna \u0161ansa. Vidimo interevenciju dr\u017eave u efikasnom ste\u010daju i pronala\u017eenju novog strate\u0161kog partnera, rekao je Paunovi\u0107.<\/p>\n","protected":false},"excerpt":{"rendered":"<p>PARA\u0106IN-Biv\u0161i radnici Srpske fabrike stakla iz Para\u0107ina, koja je od pro\u0161le srede u ste\u010daju, danas su organizovali protestnu \u0161etnju od tog preduze\u0107a do centra grada. &hellip; <\/p>\n","protected":false},"author":4,"featured_media":9796,"comment_status":"open","ping_status":"open","sticky":false,"template":"","format":"standard","meta":{"footnotes":""},"categories":[14,1524,2,1516,887,12],"tags":[156,523,157],"_links":{"self":[{"href":"https:\/\/centralmedia.rs\/index.php\/wp-json\/wp\/v2\/posts\/9795"}],"collection":[{"href":"https:\/\/centralmedia.rs\/index.php\/wp-json\/wp\/v2\/posts"}],"about":[{"href":"https:\/\/centralmedia.rs\/index.php\/wp-json\/wp\/v2\/types\/post"}],"author":[{"embeddable":true,"href":"https:\/\/centralmedia.rs\/index.php\/wp-json\/wp\/v2\/users\/4"}],"replies":[{"embeddable":true,"href":"https:\/\/centralmedia.rs\/index.php\/wp-json\/wp\/v2\/comments?post=9795"}],"version-history":[{"count":1,"href":"https:\/\/centralmedia.rs\/index.php\/wp-json\/wp\/v2\/posts\/9795\/revisions"}],"predecessor-version":[{"id":9801,"href":"https:\/\/centralmedia.rs\/index.php\/wp-json\/wp\/v2\/posts\/9795\/revisions\/9801"}],"wp:featuredmedia":[{"embeddable":true,"href":"https:\/\/centralmedia.rs\/index.php\/wp-json\/wp\/v2\/media\/9796"}],"wp:attachment":[{"href":"https:\/\/centralmedia.rs\/index.php\/wp-json\/wp\/v2\/media?parent=9795"}],"wp:term":[{"taxonomy":"category","embeddable":true,"href":"https:\/\/centralmedia.rs\/index.php\/wp-json\/wp\/v2\/categories?post=9795"},{"taxonomy":"post_tag","embeddable":true,"href":"https:\/\/centralmedia.rs\/index.php\/wp-json\/wp\/v2\/tags?post=9795"}],"curies":[{"name":"wp","href":"https:\/\/api.w.org\/{rel}","templated":true}]}}