{"id":9802,"date":"2017-09-28T07:57:51","date_gmt":"2017-09-28T07:57:51","guid":{"rendered":"http:\/\/centralmedia.rs\/?p=9802"},"modified":"2017-09-28T12:24:10","modified_gmt":"2017-09-28T12:24:10","slug":"lazni-mediji-lazni-tekstovi-stojkovic-laznim-navodima-pokusavaju-da-diskredituju-zaustave-moju-borbu-za-raseljene-prognane-sa-kim","status":"publish","type":"post","link":"https:\/\/centralmedia.rs\/index.php\/2017\/09\/28\/lazni-mediji-lazni-tekstovi-stojkovic-laznim-navodima-pokusavaju-da-diskredituju-zaustave-moju-borbu-za-raseljene-prognane-sa-kim\/","title":{"rendered":"LA\u017dNI MEDIJI, LA\u017dNI NOVINARI I LA\u017dNI TEKSTOVI &#8211; STOJKOVI\u0106: La\u017enim navodima poku\u0161avaju da me diskredituju i zaustave moju borbu za raseljene i prognane sa KiM"},"content":{"rendered":"<p>JAGODINA-Predsednik koalicije raseljenih sa KiM Milo\u0161 Stojkovi\u0107, izjavio je povodom informacija, \u010diji je izvor la\u017eni medij, \u00a0da je navodno pretukao svoju \u017eenu, zbog \u010dega je navodno uhap\u0161en, da je re\u010d o potpunoj la\u017ei iza koje stoji politika. Stojkovi\u0107 nije ni privo\u0111en, ni hap\u0161en iz bilo kog razloga, pogotovo ne zbog porodi\u010dnog nasilja, ve\u0107 je \u017ertva politi\u010dkih izmi\u0161ljotina.<\/p>\n<p>-To je izmi\u0161ljotina koju mi sme\u0161taju \u0161iptarski pla\u0107enici. U\u017eivam veliko poverenje kod raseljenih lica sa KiM i neko \u0161iptarskim parama poku\u0161ava da me diskredituje i da zaustavi moju borbu za raseljene i prognane. Ju\u010de sam bio s dr\u017eavnim funkcionerima u manastiru Tumane, a danas nastavljam kampanju za predstoje\u0107e lokalne izbore na KiM. Va\u017eno je da se zna da mi je ovu izmi\u0161ljotinu smestio veoma prepoznatljiv \u010dovek u srpskoj politici koji se predstavlja kao veliki patriota, izjavio je Stojkovi\u0107.<\/p>\n<p>&nbsp;<\/p>\n<p>&nbsp;<\/p>\n","protected":false},"excerpt":{"rendered":"<p>JAGODINA-Predsednik koalicije raseljenih sa KiM Milo\u0161 Stojkovi\u0107, izjavio je povodom informacija, \u010diji je izvor la\u017eni medij, \u00a0da je navodno pretukao svoju \u017eenu, zbog \u010dega je &hellip; <\/p>\n","protected":false},"author":4,"featured_media":9810,"comment_status":"open","ping_status":"open","sticky":false,"template":"","format":"standard","meta":{"footnotes":""},"categories":[1524,2,1514,13,12],"tags":[58,181],"_links":{"self":[{"href":"https:\/\/centralmedia.rs\/index.php\/wp-json\/wp\/v2\/posts\/9802"}],"collection":[{"href":"https:\/\/centralmedia.rs\/index.php\/wp-json\/wp\/v2\/posts"}],"about":[{"href":"https:\/\/centralmedia.rs\/index.php\/wp-json\/wp\/v2\/types\/post"}],"author":[{"embeddable":true,"href":"https:\/\/centralmedia.rs\/index.php\/wp-json\/wp\/v2\/users\/4"}],"replies":[{"embeddable":true,"href":"https:\/\/centralmedia.rs\/index.php\/wp-json\/wp\/v2\/comments?post=9802"}],"version-history":[{"count":3,"href":"https:\/\/centralmedia.rs\/index.php\/wp-json\/wp\/v2\/posts\/9802\/revisions"}],"predecessor-version":[{"id":9817,"href":"https:\/\/centralmedia.rs\/index.php\/wp-json\/wp\/v2\/posts\/9802\/revisions\/9817"}],"wp:featuredmedia":[{"embeddable":true,"href":"https:\/\/centralmedia.rs\/index.php\/wp-json\/wp\/v2\/media\/9810"}],"wp:attachment":[{"href":"https:\/\/centralmedia.rs\/index.php\/wp-json\/wp\/v2\/media?parent=9802"}],"wp:term":[{"taxonomy":"category","embeddable":true,"href":"https:\/\/centralmedia.rs\/index.php\/wp-json\/wp\/v2\/categories?post=9802"},{"taxonomy":"post_tag","embeddable":true,"href":"https:\/\/centralmedia.rs\/index.php\/wp-json\/wp\/v2\/tags?post=9802"}],"curies":[{"name":"wp","href":"https:\/\/api.w.org\/{rel}","templated":true}]}}