{"id":9826,"date":"2017-09-29T09:28:51","date_gmt":"2017-09-29T09:28:51","guid":{"rendered":"http:\/\/centralmedia.rs\/?p=9826"},"modified":"2017-09-29T09:28:51","modified_gmt":"2017-09-29T09:28:51","slug":"drzava-privatizuje-ravanicu-dobrovoljno-odlazi-90-radnika","status":"publish","type":"post","link":"https:\/\/centralmedia.rs\/index.php\/2017\/09\/29\/drzava-privatizuje-ravanicu-dobrovoljno-odlazi-90-radnika\/","title":{"rendered":"DR\u017dAVA PRIVATIZUJE RAVANICU &#8211; DOBROVOLJNO ODLAZI 90 RADNIKA"},"content":{"rendered":"<p>\u0106UPRIJA-Dr\u017eava je odlu\u010dila da privatizuje Fabriku konditorskih proizvoda Ravanicu iz \u0106uprije, a po socijalnom programu to preduze\u0107e dobrovoljno napu\u0161ta 90 radnika uz otpremninu od 200 evra po godini sta\u017ea, izjavio je direktor tog preduze\u0107a Mikica Spasi\u0107. Ministarstvu privrede od 14. jula do 14. avgusta potencijalni kupci dostavili su pisma zainteresovanosti za to preduze\u0107e.<\/p>\n<p>-Fabrika je odr\u017eala proizvodnju u proteklih mesec dana, \u0161to je bio jedan od ciljeva. Oko 90 radnika su dobrovoljno odlu\u010dili da napuste preduze\u0107e i u toku oktobra po\u010de\u0107e isplata. Nastavljamo rad sa 130 radnika, isti\u010de Spasi\u0107.<\/p>\n<p>Izvr\u0161ena je procena kapitala preduze\u0107a, o\u010dekuje se da Ministarstvo privrede odredi model privatizacije i dok kraja godine raspi\u0161e oglas za prodaju.<\/p>\n","protected":false},"excerpt":{"rendered":"<p>\u0106UPRIJA-Dr\u017eava je odlu\u010dila da privatizuje Fabriku konditorskih proizvoda Ravanicu iz \u0106uprije, a po socijalnom programu to preduze\u0107e dobrovoljno napu\u0161ta 90 radnika uz otpremninu od 200 &hellip; <\/p>\n","protected":false},"author":4,"featured_media":9827,"comment_status":"open","ping_status":"open","sticky":false,"template":"","format":"standard","meta":{"footnotes":""},"categories":[22,1515,1524,2,887],"tags":[44,499,386],"_links":{"self":[{"href":"https:\/\/centralmedia.rs\/index.php\/wp-json\/wp\/v2\/posts\/9826"}],"collection":[{"href":"https:\/\/centralmedia.rs\/index.php\/wp-json\/wp\/v2\/posts"}],"about":[{"href":"https:\/\/centralmedia.rs\/index.php\/wp-json\/wp\/v2\/types\/post"}],"author":[{"embeddable":true,"href":"https:\/\/centralmedia.rs\/index.php\/wp-json\/wp\/v2\/users\/4"}],"replies":[{"embeddable":true,"href":"https:\/\/centralmedia.rs\/index.php\/wp-json\/wp\/v2\/comments?post=9826"}],"version-history":[{"count":1,"href":"https:\/\/centralmedia.rs\/index.php\/wp-json\/wp\/v2\/posts\/9826\/revisions"}],"predecessor-version":[{"id":9828,"href":"https:\/\/centralmedia.rs\/index.php\/wp-json\/wp\/v2\/posts\/9826\/revisions\/9828"}],"wp:featuredmedia":[{"embeddable":true,"href":"https:\/\/centralmedia.rs\/index.php\/wp-json\/wp\/v2\/media\/9827"}],"wp:attachment":[{"href":"https:\/\/centralmedia.rs\/index.php\/wp-json\/wp\/v2\/media?parent=9826"}],"wp:term":[{"taxonomy":"category","embeddable":true,"href":"https:\/\/centralmedia.rs\/index.php\/wp-json\/wp\/v2\/categories?post=9826"},{"taxonomy":"post_tag","embeddable":true,"href":"https:\/\/centralmedia.rs\/index.php\/wp-json\/wp\/v2\/tags?post=9826"}],"curies":[{"name":"wp","href":"https:\/\/api.w.org\/{rel}","templated":true}]}}