{"id":9876,"date":"2017-10-02T10:55:59","date_gmt":"2017-10-02T10:55:59","guid":{"rendered":"http:\/\/centralmedia.rs\/?p=9876"},"modified":"2017-10-02T10:55:59","modified_gmt":"2017-10-02T10:55:59","slug":"posle-dva-meseca-od-ostecenja-prestaje-zastita-hrastazapisa-u-kolaru","status":"publish","type":"post","link":"https:\/\/centralmedia.rs\/index.php\/2017\/10\/02\/posle-dva-meseca-od-ostecenja-prestaje-zastita-hrastazapisa-u-kolaru\/","title":{"rendered":"POSLE DVA MESECA OD O\u0160TE\u0106ENJA &#8211; PRESTAJE ZA\u0160TITA HRASTA,ZAPISA U KOLARU"},"content":{"rendered":"<p>JAGODINA-Zavod za za\u0161titu prirode Srbije, posle dva meseca o\u0161te\u0107enja hrasta-zapisa u Kolaru kod Jagodine, nalo\u017eio je Skup\u0161tini grada da donese re\u0161enje o prestanku za\u0161tite tog stabla. <a href=\"https:\/\/centralmedia.rs\/wp-content\/uploads\/2017\/10\/hrast.jpg\"><img loading=\"lazy\" decoding=\"async\" class=\"alignleft size-thumbnail wp-image-9878\" src=\"https:\/\/centralmedia.rs\/wp-content\/uploads\/2017\/10\/hrast-150x150.jpg\" alt=\"\" width=\"150\" height=\"150\" \/><\/a>To \u0107e kona\u010dno dovesti do re\u0161enja problema koji je nastao prilkom pada tre\u0107ine stabla krajem jula. Zbog legende o smrti niko od me\u0161tana nesme da ukloni ostatke drveta i grana. Hrast je bio pod za\u0161titom od 1970 godine.<a href=\"https:\/\/centralmedia.rs\/wp-content\/uploads\/2017\/10\/hrast-1.jpg\"><img loading=\"lazy\" decoding=\"async\" class=\"alignright size-thumbnail wp-image-9879\" src=\"https:\/\/centralmedia.rs\/wp-content\/uploads\/2017\/10\/hrast-1-150x150.jpg\" alt=\"\" width=\"150\" height=\"150\" \/><\/a><\/p>\n<p>-Nekoliko puta i\u0161li smo u gradsku upravu kako bi prona\u0161li re\u0161enje za uklanjanje palog hrasta-zapisa. Niko iz sela ne\u0107e da se\u010de to drvo, delovi grana koji su bili na putu uklonjeni su kako bi me\u0161tani mogli da se kre\u0107u. Obe\u0107ali su re\u0161enje i mi \u010dekamo, ka\u017ee predsednik te MZ Sr\u0111an Ljubomirovi\u0107.<\/p>\n<p>Komisija ZZS je konstatovala da su usled etimolo\u0161kog oboljenja i pojave stri\u017eibuba odvaljene primarne grane hrasta, te je za\u0161ti\u0107eno dobro izgubilo prirodne vrednosti na osnovu kojih je bilo za\u0161ti\u0107eno. Skup\u0161tini grada je nalo\u017eeno da re\u0161enje bude dostavljeno u roku od \u0161est meseci radi brisanja iz Centralnog registra za\u0161ti\u0107enih prirodnih dobra.<\/p>\n","protected":false},"excerpt":{"rendered":"<p>JAGODINA-Zavod za za\u0161titu prirode Srbije, posle dva meseca o\u0161te\u0107enja hrasta-zapisa u Kolaru kod Jagodine, nalo\u017eio je Skup\u0161tini grada da donese re\u0161enje o prestanku za\u0161tite tog &hellip; <\/p>\n","protected":false},"author":4,"featured_media":9877,"comment_status":"open","ping_status":"open","sticky":false,"template":"","format":"standard","meta":{"footnotes":""},"categories":[14,1524,2,1514,12],"tags":[2356,58,2201,2357],"_links":{"self":[{"href":"https:\/\/centralmedia.rs\/index.php\/wp-json\/wp\/v2\/posts\/9876"}],"collection":[{"href":"https:\/\/centralmedia.rs\/index.php\/wp-json\/wp\/v2\/posts"}],"about":[{"href":"https:\/\/centralmedia.rs\/index.php\/wp-json\/wp\/v2\/types\/post"}],"author":[{"embeddable":true,"href":"https:\/\/centralmedia.rs\/index.php\/wp-json\/wp\/v2\/users\/4"}],"replies":[{"embeddable":true,"href":"https:\/\/centralmedia.rs\/index.php\/wp-json\/wp\/v2\/comments?post=9876"}],"version-history":[{"count":1,"href":"https:\/\/centralmedia.rs\/index.php\/wp-json\/wp\/v2\/posts\/9876\/revisions"}],"predecessor-version":[{"id":9880,"href":"https:\/\/centralmedia.rs\/index.php\/wp-json\/wp\/v2\/posts\/9876\/revisions\/9880"}],"wp:featuredmedia":[{"embeddable":true,"href":"https:\/\/centralmedia.rs\/index.php\/wp-json\/wp\/v2\/media\/9877"}],"wp:attachment":[{"href":"https:\/\/centralmedia.rs\/index.php\/wp-json\/wp\/v2\/media?parent=9876"}],"wp:term":[{"taxonomy":"category","embeddable":true,"href":"https:\/\/centralmedia.rs\/index.php\/wp-json\/wp\/v2\/categories?post=9876"},{"taxonomy":"post_tag","embeddable":true,"href":"https:\/\/centralmedia.rs\/index.php\/wp-json\/wp\/v2\/tags?post=9876"}],"curies":[{"name":"wp","href":"https:\/\/api.w.org\/{rel}","templated":true}]}}