{"id":9881,"date":"2017-10-02T20:02:16","date_gmt":"2017-10-02T20:02:16","guid":{"rendered":"http:\/\/centralmedia.rs\/?p=9881"},"modified":"2017-10-02T20:02:16","modified_gmt":"2017-10-02T20:02:16","slug":"opstina-paracin-podnela-zalbu-apelacionom-sudu-na-odluku-o-otvaranju-stecaja-u-staklari","status":"publish","type":"post","link":"https:\/\/centralmedia.rs\/index.php\/2017\/10\/02\/opstina-paracin-podnela-zalbu-apelacionom-sudu-na-odluku-o-otvaranju-stecaja-u-staklari\/","title":{"rendered":"OP\u0160TINA PARA\u0106IN PODNELA \u017dALBU APELACIONOM SUDU NA ODLUKU O OTVARANJU STE\u010cAJA U STAKLARI"},"content":{"rendered":"<p>PARA\u0106IN-Op\u0161tina Para\u0107in i javna preduze\u0107a \u010diji je osniva\u010d op\u0161tina, uva\u017eavaju\u0107i i zahtev predstavnika sindikata i predstavnika radnika SFS koji su zbog ste\u010daja ostali bez posla, uputila \u017ealbu na odluku o otvaranju ste\u010daja u SFS, saop\u0161teno je ve\u010deras iz te lokalne samouprave.<\/p>\n<p>-Op\u0161tina je, tako\u0111e, uputila i pismo Vladi Srbije sa molbom da se radnicima fabrike stakla koji su zbog ste\u010daja ostali bez posla uputi trenutna pomo\u0107, obezbedi efikasan i brz ste\u010dajni postupak i pru\u017ei podr\u0161ka u pronala\u017eenju strate\u0161kog partnera u oblasti proizvodnje stakla kako bi se ste\u010dajni postupak okon\u010dao nastavkom rada fabrike, stoji u saop\u0161tenju.<\/p>\n<p>&nbsp;<\/p>\n","protected":false},"excerpt":{"rendered":"<p>PARA\u0106IN-Op\u0161tina Para\u0107in i javna preduze\u0107a \u010diji je osniva\u010d op\u0161tina, uva\u017eavaju\u0107i i zahtev predstavnika sindikata i predstavnika radnika SFS koji su zbog ste\u010daja ostali bez posla, &hellip; <\/p>\n","protected":false},"author":4,"featured_media":9798,"comment_status":"open","ping_status":"open","sticky":false,"template":"","format":"standard","meta":{"footnotes":""},"categories":[1524,2,1516,13,887,12],"tags":[156,157,239,854],"_links":{"self":[{"href":"https:\/\/centralmedia.rs\/index.php\/wp-json\/wp\/v2\/posts\/9881"}],"collection":[{"href":"https:\/\/centralmedia.rs\/index.php\/wp-json\/wp\/v2\/posts"}],"about":[{"href":"https:\/\/centralmedia.rs\/index.php\/wp-json\/wp\/v2\/types\/post"}],"author":[{"embeddable":true,"href":"https:\/\/centralmedia.rs\/index.php\/wp-json\/wp\/v2\/users\/4"}],"replies":[{"embeddable":true,"href":"https:\/\/centralmedia.rs\/index.php\/wp-json\/wp\/v2\/comments?post=9881"}],"version-history":[{"count":1,"href":"https:\/\/centralmedia.rs\/index.php\/wp-json\/wp\/v2\/posts\/9881\/revisions"}],"predecessor-version":[{"id":9882,"href":"https:\/\/centralmedia.rs\/index.php\/wp-json\/wp\/v2\/posts\/9881\/revisions\/9882"}],"wp:featuredmedia":[{"embeddable":true,"href":"https:\/\/centralmedia.rs\/index.php\/wp-json\/wp\/v2\/media\/9798"}],"wp:attachment":[{"href":"https:\/\/centralmedia.rs\/index.php\/wp-json\/wp\/v2\/media?parent=9881"}],"wp:term":[{"taxonomy":"category","embeddable":true,"href":"https:\/\/centralmedia.rs\/index.php\/wp-json\/wp\/v2\/categories?post=9881"},{"taxonomy":"post_tag","embeddable":true,"href":"https:\/\/centralmedia.rs\/index.php\/wp-json\/wp\/v2\/tags?post=9881"}],"curies":[{"name":"wp","href":"https:\/\/api.w.org\/{rel}","templated":true}]}}