{"id":9883,"date":"2017-10-02T20:11:06","date_gmt":"2017-10-02T20:11:06","guid":{"rendered":"http:\/\/centralmedia.rs\/?p=9883"},"modified":"2017-10-02T20:11:06","modified_gmt":"2017-10-02T20:11:06","slug":"svilajnac-ulaze-u-vrtic","status":"publish","type":"post","link":"https:\/\/centralmedia.rs\/index.php\/2017\/10\/02\/svilajnac-ulaze-u-vrtic\/","title":{"rendered":"SVILAJNAC ULA\u017dE U VRTI\u0106"},"content":{"rendered":"<p>SVILAJNAC-U Pred\u0161kolskoj ustanovi \u201eDe\u010dja radost\u201c u Svilajncu u toku su radovi na zameni dela krovne konstrukcije i na zameni strehe sa potkonstukcijom na dva objekta novog dela vrti\u0107a, dok \u0107e slede\u0107e godini biti ulo\u017eeno jo\u0161 100 hiljada evra u zavr\u0161etak sprata. Planirano je da se u nastavku radova uradi i spu\u0161ten plafon, zamena crepa, svih drvenih elemenata konstrukcije i oluka kako bi se trajno re\u0161io problem proki\u0161njavanja na ovom delu objekta.<\/p>\n<p>-Ono \u0161to je prioritet za slede\u0107u godinu je zavr\u0161etak gornjeg sprata u vrti\u0107u. Za tim postoje realne potrebe zbog pove\u0107anja broja dece, shodno tome opredeli\u0107emo oko sto hiljada eura u bud\u017eetu za narednu godinu. Time obezbe\u0111ujemo da vrti\u0107 ima dovoljno kvalitetnog prostora za neometani rad. Pro\u0161iren je i deo dvori\u0161ta vrti\u0107a, dodate su nove sprave i mogu da ka\u017eem da Svilajnac mo\u017ee da se ponosi svojom pred\u0161kolskom ustanovom, izjavio je predsednik op\u0161tine Svilajnac, Predrag Milanovi\u0107.<\/p>\n","protected":false},"excerpt":{"rendered":"<p>SVILAJNAC-U Pred\u0161kolskoj ustanovi \u201eDe\u010dja radost\u201c u Svilajncu u toku su radovi na zameni dela krovne konstrukcije i na zameni strehe sa potkonstukcijom na dva objekta &hellip; <\/p>\n","protected":false},"author":4,"featured_media":9884,"comment_status":"open","ping_status":"open","sticky":false,"template":"","format":"standard","meta":{"footnotes":""},"categories":[14,1524,2,887,12,1517],"tags":[38,1013],"_links":{"self":[{"href":"https:\/\/centralmedia.rs\/index.php\/wp-json\/wp\/v2\/posts\/9883"}],"collection":[{"href":"https:\/\/centralmedia.rs\/index.php\/wp-json\/wp\/v2\/posts"}],"about":[{"href":"https:\/\/centralmedia.rs\/index.php\/wp-json\/wp\/v2\/types\/post"}],"author":[{"embeddable":true,"href":"https:\/\/centralmedia.rs\/index.php\/wp-json\/wp\/v2\/users\/4"}],"replies":[{"embeddable":true,"href":"https:\/\/centralmedia.rs\/index.php\/wp-json\/wp\/v2\/comments?post=9883"}],"version-history":[{"count":1,"href":"https:\/\/centralmedia.rs\/index.php\/wp-json\/wp\/v2\/posts\/9883\/revisions"}],"predecessor-version":[{"id":9885,"href":"https:\/\/centralmedia.rs\/index.php\/wp-json\/wp\/v2\/posts\/9883\/revisions\/9885"}],"wp:featuredmedia":[{"embeddable":true,"href":"https:\/\/centralmedia.rs\/index.php\/wp-json\/wp\/v2\/media\/9884"}],"wp:attachment":[{"href":"https:\/\/centralmedia.rs\/index.php\/wp-json\/wp\/v2\/media?parent=9883"}],"wp:term":[{"taxonomy":"category","embeddable":true,"href":"https:\/\/centralmedia.rs\/index.php\/wp-json\/wp\/v2\/categories?post=9883"},{"taxonomy":"post_tag","embeddable":true,"href":"https:\/\/centralmedia.rs\/index.php\/wp-json\/wp\/v2\/tags?post=9883"}],"curies":[{"name":"wp","href":"https:\/\/api.w.org\/{rel}","templated":true}]}}