{"id":9918,"date":"2017-10-04T12:49:46","date_gmt":"2017-10-04T12:49:46","guid":{"rendered":"http:\/\/centralmedia.rs\/?p=9918"},"modified":"2017-10-04T12:49:46","modified_gmt":"2017-10-04T12:49:46","slug":"rusi-napustili-investiciju-u-jagodini-od-fabrike-kartona-djavolje-varosi","status":"publish","type":"post","link":"https:\/\/centralmedia.rs\/index.php\/2017\/10\/04\/rusi-napustili-investiciju-u-jagodini-od-fabrike-kartona-djavolje-varosi\/","title":{"rendered":"RUSI NAPUSTILI INVESTICIJU U JAGODINI &#8211; OD FABRIKE KARTONA DO ,,\u0110AVOLJE VARO\u0160I&#8221;"},"content":{"rendered":"<p>JAGODINA-Izgradnja fabrike talasastog katona u Jagodini, investicija ruske kompanije &#8220;North karton&#8221;, prekinuta je pre tri godine i nema najave da \u0107e biti nastavljena, a Jagodinci su napu\u0161tenu betonsku konstrukciju prozvali ,,\u0110avolja varo\u0161&#8221;, jer ih neodoljivo, pogotovo no\u0107na silueta, podse\u0107a na poznatu prirodnu atrakciju kod Kur\u0161umlije.<a href=\"https:\/\/centralmedia.rs\/wp-content\/uploads\/2017\/10\/nord-karton-1.jpg\"><img loading=\"lazy\" decoding=\"async\" class=\"aligncenter size-full wp-image-9920\" src=\"https:\/\/centralmedia.rs\/wp-content\/uploads\/2017\/10\/nord-karton-1.jpg\" alt=\"\" width=\"900\" height=\"348\" srcset=\"https:\/\/centralmedia.rs\/wp-content\/uploads\/2017\/10\/nord-karton-1.jpg 900w, https:\/\/centralmedia.rs\/wp-content\/uploads\/2017\/10\/nord-karton-1-300x116.jpg 300w, https:\/\/centralmedia.rs\/wp-content\/uploads\/2017\/10\/nord-karton-1-768x297.jpg 768w\" sizes=\"(max-width: 900px) 100vw, 900px\" \/><\/a><\/p>\n<p>Predsednik\u00a0 Skup\u0161tine grada Dragan Markovi\u0107 je krajem decembra 2015. godine najavio povratak investitora iz Rusije i nastavak gradnje, ali ve\u0107 tri godine na gradili\u0161tu nema radnika. Postavlja se pitanje \u0161ta \u0107e biti sa 8 hektara zemlje koju je Rusima za izgradnju ustupila lokalna samouprava i gra\u0111evinskom kostrukcijom, kao sudbina 1,5 miliona evra pomo\u0107i investitoru od Vlade Srbije, odnosno da li su Rusi dali garancije. Prema propisima Srbije ukoliko se investicija od datuma po\u010detka u roku od dve godine gra\u0111evinski nezavr\u0161i, dr\u017eava ili lokalna samouprava mogu da je vrate u svoje vlasni\u0161tvo ili daju drugome.<a href=\"https:\/\/centralmedia.rs\/wp-content\/uploads\/2017\/10\/nord-karton.jpg\"><img loading=\"lazy\" decoding=\"async\" class=\"aligncenter size-full wp-image-9921\" src=\"https:\/\/centralmedia.rs\/wp-content\/uploads\/2017\/10\/nord-karton.jpg\" alt=\"\" width=\"900\" height=\"255\" srcset=\"https:\/\/centralmedia.rs\/wp-content\/uploads\/2017\/10\/nord-karton.jpg 900w, https:\/\/centralmedia.rs\/wp-content\/uploads\/2017\/10\/nord-karton-300x85.jpg 300w, https:\/\/centralmedia.rs\/wp-content\/uploads\/2017\/10\/nord-karton-768x218.jpg 768w\" sizes=\"(max-width: 900px) 100vw, 900px\" \/><\/a><\/p>\n<p>Gradili\u0161te je avetinjski prazno i napu\u0161teno. Sa ulazne table, gde je bila prikazana slika zavr\u0161enog objekta, skinut je baner. Pored Koridora 10 na 8 hekatara vire jedino betonski stubovi, konture objekta od 22.000 kvadrata.<a href=\"https:\/\/centralmedia.rs\/wp-content\/uploads\/2017\/10\/kamen-temeljac-1.jpg\"><img loading=\"lazy\" decoding=\"async\" class=\"aligncenter size-full wp-image-9922\" src=\"https:\/\/centralmedia.rs\/wp-content\/uploads\/2017\/10\/kamen-temeljac-1.jpg\" alt=\"\" width=\"900\" height=\"675\" srcset=\"https:\/\/centralmedia.rs\/wp-content\/uploads\/2017\/10\/kamen-temeljac-1.jpg 900w, https:\/\/centralmedia.rs\/wp-content\/uploads\/2017\/10\/kamen-temeljac-1-300x225.jpg 300w, https:\/\/centralmedia.rs\/wp-content\/uploads\/2017\/10\/kamen-temeljac-1-768x576.jpg 768w, https:\/\/centralmedia.rs\/wp-content\/uploads\/2017\/10\/kamen-temeljac-1-80x60.jpg 80w, https:\/\/centralmedia.rs\/wp-content\/uploads\/2017\/10\/kamen-temeljac-1-265x198.jpg 265w\" sizes=\"(max-width: 900px) 100vw, 900px\" \/><\/a><\/p>\n<p>Kamen temeljac polo\u017eili su u junu 2013. godine tada\u0161nji premijer Srbije Ivica Da\u010di\u0107, ministar Aleksandar Anti\u0107 predsednik Skup\u0161tine grada Jagodine Dragan Markovi\u0107 &#8211; Palma i predstavnik &#8220;Nort kartona&#8221; Vladimir Slovohotov. Izgradnja je po\u010dela \u00a0u oktobru 2013.godine.<\/p>\n<p>Tada je re\u010deno da \u0107e kapacitet fabrike biti 18. miliona kvadratnih metara talasastog kartona i kartonske ambala\u017ee namenjenog izvozu. Najavljivana je instalacija najsavremenije opreme iz Italije, Holandije i Japana. Investicija, vredna 25 miliona evra, trebalo je da bude zavr\u0161ena za 15 meseci i uposli 200 radnika. Vlada Srbije je pomogla investiciju sa 1,5 miliona evra, a grad je ustupio zemlju i komunalije.<\/p>\n","protected":false},"excerpt":{"rendered":"<p>JAGODINA-Izgradnja fabrike talasastog katona u Jagodini, investicija ruske kompanije &#8220;North karton&#8221;, prekinuta je pre tri godine i nema najave da \u0107e biti nastavljena, a Jagodinci &hellip; <\/p>\n","protected":false},"author":4,"featured_media":9919,"comment_status":"open","ping_status":"open","sticky":false,"template":"","format":"standard","meta":{"footnotes":""},"categories":[22,1524,2,1514],"tags":[2364,58,1044],"_links":{"self":[{"href":"https:\/\/centralmedia.rs\/index.php\/wp-json\/wp\/v2\/posts\/9918"}],"collection":[{"href":"https:\/\/centralmedia.rs\/index.php\/wp-json\/wp\/v2\/posts"}],"about":[{"href":"https:\/\/centralmedia.rs\/index.php\/wp-json\/wp\/v2\/types\/post"}],"author":[{"embeddable":true,"href":"https:\/\/centralmedia.rs\/index.php\/wp-json\/wp\/v2\/users\/4"}],"replies":[{"embeddable":true,"href":"https:\/\/centralmedia.rs\/index.php\/wp-json\/wp\/v2\/comments?post=9918"}],"version-history":[{"count":1,"href":"https:\/\/centralmedia.rs\/index.php\/wp-json\/wp\/v2\/posts\/9918\/revisions"}],"predecessor-version":[{"id":9923,"href":"https:\/\/centralmedia.rs\/index.php\/wp-json\/wp\/v2\/posts\/9918\/revisions\/9923"}],"wp:featuredmedia":[{"embeddable":true,"href":"https:\/\/centralmedia.rs\/index.php\/wp-json\/wp\/v2\/media\/9919"}],"wp:attachment":[{"href":"https:\/\/centralmedia.rs\/index.php\/wp-json\/wp\/v2\/media?parent=9918"}],"wp:term":[{"taxonomy":"category","embeddable":true,"href":"https:\/\/centralmedia.rs\/index.php\/wp-json\/wp\/v2\/categories?post=9918"},{"taxonomy":"post_tag","embeddable":true,"href":"https:\/\/centralmedia.rs\/index.php\/wp-json\/wp\/v2\/tags?post=9918"}],"curies":[{"name":"wp","href":"https:\/\/api.w.org\/{rel}","templated":true}]}}