{"id":9927,"date":"2017-10-04T16:39:09","date_gmt":"2017-10-04T16:39:09","guid":{"rendered":"http:\/\/centralmedia.rs\/?p=9927"},"modified":"2017-10-04T16:39:09","modified_gmt":"2017-10-04T16:39:09","slug":"veselin-sljivancanin-u-cupriji-doziveo-sam-veliku-nepravdu","status":"publish","type":"post","link":"https:\/\/centralmedia.rs\/index.php\/2017\/10\/04\/veselin-sljivancanin-u-cupriji-doziveo-sam-veliku-nepravdu\/","title":{"rendered":"VESELIN \u0160LJIVAN\u010cANIN U \u0106UPRIJI &#8211; ,,DO\u017dIVEO SAM VELIKU NEPRAVDU&#8221;"},"content":{"rendered":"<p>\u0106UPRIJA-U organizaciji Op\u0161tine \u0106uprija general Veselin \u0160ljivan\u010danin odr\u017eao promociju svoje nove knjige \u201cU slu\u017ebi otad\u017ebine\u201d. Kao i predhodne tri knjige i ova je posve\u0107ena ratnom vihoru devedesetih i su\u0111enju u Hagu.<\/p>\n<p>-Do\u017eiveo sam veliku nepravdu i zlo, \u017eao mi \u0161to i danas poku\u0161avaju neki da mi nametnu krivicu, iako nemam \u010dega da se stidim i bojim. Gledam svakog hrabro i otvoreno, pravo u o\u010di. Te\u0161ko je provesti 10 godina u nekom kazamatu, kada neznate za\u0161to ste tamo i slu\u0161ate razne la\u017ei i neistine. Posebno boli kada svedo\u010de sunarodnici, kojima ni\u0161ta niste napravili, i kao za\u0161ti\u0107eni svedoci iz ko zna kojih interesa pri\u010daju la\u017ei i neistine. Onda je to jo\u0161 te\u017ee i gore, ka\u017ee general \u0160ljivan\u010danin.<\/p>\n<p>Objavljivanje knjiga izazvalo dosta polemika i sukoba mi\u0161ljenja zbog tematike kojom se bavi \u2013 njegovog su\u0111enja u Ha\u0161kom tribunalu i boravka u zatvoru u Sheveningenu, sa osvrtima na de\u0161avanja u Srbiji i Hrvatskoj tokom ratnih dejstava devedesetih.<\/p>\n<p>&#8211; Izmi\u0161ljali su da \u0107u nekome da se svetim,ali ja \u017eivim dalje. Oni ne mogu da \u0161etaju ulicom kuda idem. Ne\u0107e do\u017eiveti ovacije i pri\u010de koje ja do\u017eivim. Nemaju \u0161ta da ka\u017eu svom narodu. To je za njih najve\u0107e poni\u017eenje i to je ru\u017eno. Ja nisam veliki vernik, ali ima boga i za mene i moje tamni\u010dare. Ni\u0161ta nije slu\u010dajno. \u010covek treba da bude spreman na sve i izdr\u017ei sve, da bude ponosan ako je radio dobro i \u010dasno. Ne ose\u0107am se niza\u0161ta krivim da bi mi iko kazao ne\u0161to ru\u017eno ili krivo, trudio sam se da radim maksimalno dobro i zato sam sve lak\u0161e podneo, rekao je \u0160ljivan\u010danin.<\/p>\n<p>On je dodao da Tribunal u Hagu nije trebalo da postoji, a pogotovo ne za dr\u017eave Evrope.<\/p>\n<p>-Ta institucija se slu\u017eila nekim za mene nepoznatim pravom i zakonima. Tako su la\u017eni svedoci, sa tajnim identitetom, dokumenta nisu uva\u017eavana. Ose\u0107ao sam se ru\u017eno, kako je neko mogao da ponizi dr\u017eavu, kakva je bila moja, koja je pro\u0161la kroz dva svetska rata i uvek je bila na strani pravde.Pored toga, dala je velike \u017ertve za slobodu Evrope i \u010ditavog sveta. Odjedno sve se to poni\u017eava i ne prizanje se sud moje dr\u017eave, a sude mi oni koji ni\u0161ta ne znaju. Moram da ka\u017eem da je u mom predmetu bilo \u010destitih sudija koje nisu htele da prihvate osudu i dali su svoja izdvojena mi\u0161ljenja. Ima \u010dasnih sudija i tamo,dok u tu\u017eila\u0161tvu nema, zaklju\u010dio je on.<\/p>\n","protected":false},"excerpt":{"rendered":"<p>\u0106UPRIJA-U organizaciji Op\u0161tine \u0106uprija general Veselin \u0160ljivan\u010danin odr\u017eao promociju svoje nove knjige \u201cU slu\u017ebi otad\u017ebine\u201d. Kao i predhodne tri knjige i ova je posve\u0107ena ratnom &hellip; <\/p>\n","protected":false},"author":4,"featured_media":9928,"comment_status":"open","ping_status":"open","sticky":false,"template":"","format":"standard","meta":{"footnotes":""},"categories":[1515,1524,2,13,887,12],"tags":[44,2366],"_links":{"self":[{"href":"https:\/\/centralmedia.rs\/index.php\/wp-json\/wp\/v2\/posts\/9927"}],"collection":[{"href":"https:\/\/centralmedia.rs\/index.php\/wp-json\/wp\/v2\/posts"}],"about":[{"href":"https:\/\/centralmedia.rs\/index.php\/wp-json\/wp\/v2\/types\/post"}],"author":[{"embeddable":true,"href":"https:\/\/centralmedia.rs\/index.php\/wp-json\/wp\/v2\/users\/4"}],"replies":[{"embeddable":true,"href":"https:\/\/centralmedia.rs\/index.php\/wp-json\/wp\/v2\/comments?post=9927"}],"version-history":[{"count":1,"href":"https:\/\/centralmedia.rs\/index.php\/wp-json\/wp\/v2\/posts\/9927\/revisions"}],"predecessor-version":[{"id":9929,"href":"https:\/\/centralmedia.rs\/index.php\/wp-json\/wp\/v2\/posts\/9927\/revisions\/9929"}],"wp:featuredmedia":[{"embeddable":true,"href":"https:\/\/centralmedia.rs\/index.php\/wp-json\/wp\/v2\/media\/9928"}],"wp:attachment":[{"href":"https:\/\/centralmedia.rs\/index.php\/wp-json\/wp\/v2\/media?parent=9927"}],"wp:term":[{"taxonomy":"category","embeddable":true,"href":"https:\/\/centralmedia.rs\/index.php\/wp-json\/wp\/v2\/categories?post=9927"},{"taxonomy":"post_tag","embeddable":true,"href":"https:\/\/centralmedia.rs\/index.php\/wp-json\/wp\/v2\/tags?post=9927"}],"curies":[{"name":"wp","href":"https:\/\/api.w.org\/{rel}","templated":true}]}}