{"id":9940,"date":"2017-10-05T19:22:01","date_gmt":"2017-10-05T19:22:01","guid":{"rendered":"http:\/\/centralmedia.rs\/?p=9940"},"modified":"2017-10-18T20:47:03","modified_gmt":"2017-10-18T20:47:03","slug":"neispunjeno-obecanje-raspada-se-velika-sala-u-centru-jagodine","status":"publish","type":"post","link":"https:\/\/centralmedia.rs\/index.php\/2017\/10\/05\/neispunjeno-obecanje-raspada-se-velika-sala-u-centru-jagodine\/","title":{"rendered":"NEISPUNJENO OBE\u0106ANJE-RASPADA SE VELIKA SALA U CENTRU JAGODINE"},"content":{"rendered":"<p>JAGODINA-Velika sala Kulturnog centra u Jagodini je vi\u0161e od decenije van upotrebe, a gradske vlasti, i pored raznih obe\u0107anja, nikako ne uspevaju da bar okre\u010de fasadu devastiranog objekta, koji nekada predstavljao ugledni primerak socijalisti\u010dkog razvoja tada\u0161njeg Svetozareva. Ugledni jagodinski istori\u010dar i kulturni radnik Miodrag Aleksi\u0107 podse\u0107a da je obnova velike sale Kulturnog centra bilo je jedno od prvih obe\u0107anja tada\u0161njeg gradona\u010delnika Dragana Markovi\u0107a-Palme.<\/p>\n<p>-To je prvo obe\u0107anje gradona\u010delnika. Kada je do\u0161ao na vlast, on je otvarao Dane komedije i rekao ,,Idu\u0107e godine ne\u0107e biti Dana komedije&#8221;, svi u publici su se zbunjeno zapitali ,,\u0160ta?!&#8221;, a on je \u0161eretski poentirao ,,Ne\u0107e biti u ovoj sali, nego u susednoj, ve\u0107oj&#8221;. Trebalo bi podsetiti Palmu na to obe\u0107anje, ima tome vi\u0161e od deset godina, ka\u017ee Aleksi\u0107.<\/p>\n<div id='gallery-1' class='gallery galleryid-9940 gallery-columns-3 gallery-size-full'><figure class='gallery-item'>\n\t\t\t<div class='gallery-icon landscape'>\n\t\t\t\t<a href='https:\/\/centralmedia.rs\/index.php\/2017\/10\/05\/neispunjeno-obecanje-raspada-se-velika-sala-u-centru-jagodine\/sale-6\/'><img loading=\"lazy\" decoding=\"async\" width=\"900\" height=\"567\" src=\"https:\/\/centralmedia.rs\/wp-content\/uploads\/2017\/10\/sale-6.jpg\" class=\"attachment-full size-full\" alt=\"\" srcset=\"https:\/\/centralmedia.rs\/wp-content\/uploads\/2017\/10\/sale-6.jpg 900w, https:\/\/centralmedia.rs\/wp-content\/uploads\/2017\/10\/sale-6-300x189.jpg 300w, https:\/\/centralmedia.rs\/wp-content\/uploads\/2017\/10\/sale-6-768x484.jpg 768w\" sizes=\"(max-width: 900px) 100vw, 900px\" \/><\/a>\n\t\t\t<\/div><\/figure><figure class='gallery-item'>\n\t\t\t<div class='gallery-icon landscape'>\n\t\t\t\t<a href='https:\/\/centralmedia.rs\/index.php\/2017\/10\/05\/neispunjeno-obecanje-raspada-se-velika-sala-u-centru-jagodine\/sala-4\/'><img loading=\"lazy\" decoding=\"async\" width=\"900\" height=\"675\" src=\"https:\/\/centralmedia.rs\/wp-content\/uploads\/2017\/10\/sala-4.jpg\" class=\"attachment-full size-full\" alt=\"\" srcset=\"https:\/\/centralmedia.rs\/wp-content\/uploads\/2017\/10\/sala-4.jpg 900w, https:\/\/centralmedia.rs\/wp-content\/uploads\/2017\/10\/sala-4-300x225.jpg 300w, https:\/\/centralmedia.rs\/wp-content\/uploads\/2017\/10\/sala-4-768x576.jpg 768w, https:\/\/centralmedia.rs\/wp-content\/uploads\/2017\/10\/sala-4-80x60.jpg 80w, https:\/\/centralmedia.rs\/wp-content\/uploads\/2017\/10\/sala-4-265x198.jpg 265w\" sizes=\"(max-width: 900px) 100vw, 900px\" \/><\/a>\n\t\t\t<\/div><\/figure><figure class='gallery-item'>\n\t\t\t<div class='gallery-icon landscape'>\n\t\t\t\t<a href='https:\/\/centralmedia.rs\/index.php\/2017\/10\/05\/neispunjeno-obecanje-raspada-se-velika-sala-u-centru-jagodine\/sala-1\/'><img loading=\"lazy\" decoding=\"async\" width=\"900\" height=\"675\" src=\"https:\/\/centralmedia.rs\/wp-content\/uploads\/2017\/10\/sala-1.jpg\" class=\"attachment-full size-full\" alt=\"\" srcset=\"https:\/\/centralmedia.rs\/wp-content\/uploads\/2017\/10\/sala-1.jpg 900w, https:\/\/centralmedia.rs\/wp-content\/uploads\/2017\/10\/sala-1-300x225.jpg 300w, https:\/\/centralmedia.rs\/wp-content\/uploads\/2017\/10\/sala-1-768x576.jpg 768w, https:\/\/centralmedia.rs\/wp-content\/uploads\/2017\/10\/sala-1-80x60.jpg 80w, https:\/\/centralmedia.rs\/wp-content\/uploads\/2017\/10\/sala-1-265x198.jpg 265w\" sizes=\"(max-width: 900px) 100vw, 900px\" \/><\/a>\n\t\t\t<\/div><\/figure>\n\t\t<\/div>\n\n<p>Velika sala Kulturnog centra imala je oko 800 mesta za sedenje, bila je najakusti\u010dnija sala u regionu, tu su se odr\u017eavale bioskopske predstave, koncerti i politi\u010dki skupovi. Jagodinci su satima \u010dekali u redovima da bi kupili ulaznicu za filmske hitove. To im je bila ulaznica u svet. Me\u0111utim, ta sala proteklih godina potpuno je ostala bez funkcije, po\u010dela je da se pretvara u ruinu, dodatno je devastirana u prostor za gomilanje sme\u0107a, na fasadi su oka\u010dena upozorenja o opasnosti od pada delova zgrade, automobili su upadali u rupe pored zgrade te sale.<\/p>\n<blockquote><p>SVETOZAR OD SOCIJALISTE DO KONOBARA<\/p>\n<p>Aleksi\u0107 je nedavno predlo\u017eio jagodinskim vlastima da na spomenik Svetozaru Markovi\u0107u, koji se nalazi ispred zgrade Kulturnog centra oku\u017een ugostiteljskim sadr\u017eajima, dodaju poslu\u017eavnik.<\/p>\n<p>-Svetozar od socijaliste do konobara. Na ve\u0107 o\u0161te\u0107en spomenik, jer je \u0161aka odse\u010dena, treba dodati poslu\u017eavnik. Na taj na\u010din bi se Svetozar uklopio u novoformiranu ambijentalnu celinu, jer je kafanskim stolovima okru\u017een postament i spomenik, ka\u017ee Aleksi\u0107.<\/p><\/blockquote>\n<p>-Gospodin tada\u0161nji gradona\u010delnik, a sada predsednik Skup\u0161tine grada, treba da se podseti na to obe\u0107anje, jedno od prvih u prvom mandatu. To obe\u0107anje je dato pred punom salom, prisustovao sam tom doga\u0111aju. Jedno od prvih obe\u0107anja je bilo da \u0107e stara velika sala da se obnovi, ponavlja Aleksi\u0107.<\/p>\n<div id='gallery-2' class='gallery galleryid-9940 gallery-columns-5 gallery-size-thumbnail'><figure class='gallery-item'>\n\t\t\t<div class='gallery-icon landscape'>\n\t\t\t\t<a href='https:\/\/centralmedia.rs\/index.php\/2017\/10\/05\/neispunjeno-obecanje-raspada-se-velika-sala-u-centru-jagodine\/sala-3-2\/'><img loading=\"lazy\" decoding=\"async\" width=\"150\" height=\"150\" src=\"https:\/\/centralmedia.rs\/wp-content\/uploads\/2017\/10\/sala-3-150x150.jpg\" class=\"attachment-thumbnail size-thumbnail\" alt=\"\" \/><\/a>\n\t\t\t<\/div><\/figure><figure class='gallery-item'>\n\t\t\t<div class='gallery-icon landscape'>\n\t\t\t\t<a href='https:\/\/centralmedia.rs\/index.php\/2017\/10\/05\/neispunjeno-obecanje-raspada-se-velika-sala-u-centru-jagodine\/sala-2-2\/'><img loading=\"lazy\" decoding=\"async\" width=\"150\" height=\"150\" src=\"https:\/\/centralmedia.rs\/wp-content\/uploads\/2017\/10\/sala-2-150x150.jpg\" class=\"attachment-thumbnail size-thumbnail\" alt=\"\" \/><\/a>\n\t\t\t<\/div><\/figure><figure class='gallery-item'>\n\t\t\t<div class='gallery-icon landscape'>\n\t\t\t\t<a href='https:\/\/centralmedia.rs\/index.php\/2017\/10\/05\/neispunjeno-obecanje-raspada-se-velika-sala-u-centru-jagodine\/sala-5\/'><img loading=\"lazy\" decoding=\"async\" width=\"150\" height=\"150\" src=\"https:\/\/centralmedia.rs\/wp-content\/uploads\/2017\/10\/sala-5-150x150.jpg\" class=\"attachment-thumbnail size-thumbnail\" alt=\"\" \/><\/a>\n\t\t\t<\/div><\/figure><figure class='gallery-item'>\n\t\t\t<div class='gallery-icon landscape'>\n\t\t\t\t<a href='https:\/\/centralmedia.rs\/index.php\/2017\/10\/05\/neispunjeno-obecanje-raspada-se-velika-sala-u-centru-jagodine\/sala-6\/'><img loading=\"lazy\" decoding=\"async\" width=\"150\" height=\"150\" src=\"https:\/\/centralmedia.rs\/wp-content\/uploads\/2017\/10\/sala-6-150x150.jpg\" class=\"attachment-thumbnail size-thumbnail\" alt=\"\" \/><\/a>\n\t\t\t<\/div><\/figure><figure class='gallery-item'>\n\t\t\t<div class='gallery-icon landscape'>\n\t\t\t\t<a href='https:\/\/centralmedia.rs\/index.php\/2017\/10\/05\/neispunjeno-obecanje-raspada-se-velika-sala-u-centru-jagodine\/sala-7\/'><img loading=\"lazy\" decoding=\"async\" width=\"150\" height=\"150\" src=\"https:\/\/centralmedia.rs\/wp-content\/uploads\/2017\/10\/sala-7-150x150.jpg\" class=\"attachment-thumbnail size-thumbnail\" alt=\"\" \/><\/a>\n\t\t\t<\/div><\/figure>\n\t\t<\/div>\n\n<p>Posle Markovi\u0107a, povla\u0161\u0107eni kulturni radnici su nastavili da ponavljaju tu mantru pred svake izbore, najavljuju\u0107i obnovu velike sale. Tako je osamdesetogodi\u0161nji umetni\u010dki direktor Dana komedije Dobrica Mili\u0107evi\u0107 (80) na otvaranju festivala 2016. godine, u sred izborne kampanje, rekao da \u0107e te godine po\u010deti obnova velike sale, da je usvojen idejni projekat u kome su prostor za kulturne manifestacije i komercijalne sadr\u017eaje. Ostalo je opet samo na re\u010dima i obe\u0107anjima, kao da izgovorene re\u010di nemaju nikakvu te\u017einu. \u010covek je u godinama i ima pravo da zaboravi. Ina\u010de, pitanja na ovu temu niko iz Gradske uprave u Jagodini, iako su poslata pre skoro dva meseca, nije \u017eeleo da udostoji odgovora, tako\u0111e ni iz Kulturnog centra.<\/p>\n","protected":false},"excerpt":{"rendered":"<p>JAGODINA-Velika sala Kulturnog centra u Jagodini je vi\u0161e od decenije van upotrebe, a gradske vlasti, i pored raznih obe\u0107anja, nikako ne uspevaju da bar okre\u010de &hellip; <\/p>\n","protected":false},"author":4,"featured_media":9941,"comment_status":"open","ping_status":"open","sticky":false,"template":"","format":"standard","meta":{"footnotes":""},"categories":[1524,2,1514,15,12],"tags":[58,342,120,341],"_links":{"self":[{"href":"https:\/\/centralmedia.rs\/index.php\/wp-json\/wp\/v2\/posts\/9940"}],"collection":[{"href":"https:\/\/centralmedia.rs\/index.php\/wp-json\/wp\/v2\/posts"}],"about":[{"href":"https:\/\/centralmedia.rs\/index.php\/wp-json\/wp\/v2\/types\/post"}],"author":[{"embeddable":true,"href":"https:\/\/centralmedia.rs\/index.php\/wp-json\/wp\/v2\/users\/4"}],"replies":[{"embeddable":true,"href":"https:\/\/centralmedia.rs\/index.php\/wp-json\/wp\/v2\/comments?post=9940"}],"version-history":[{"count":6,"href":"https:\/\/centralmedia.rs\/index.php\/wp-json\/wp\/v2\/posts\/9940\/revisions"}],"predecessor-version":[{"id":10214,"href":"https:\/\/centralmedia.rs\/index.php\/wp-json\/wp\/v2\/posts\/9940\/revisions\/10214"}],"wp:featuredmedia":[{"embeddable":true,"href":"https:\/\/centralmedia.rs\/index.php\/wp-json\/wp\/v2\/media\/9941"}],"wp:attachment":[{"href":"https:\/\/centralmedia.rs\/index.php\/wp-json\/wp\/v2\/media?parent=9940"}],"wp:term":[{"taxonomy":"category","embeddable":true,"href":"https:\/\/centralmedia.rs\/index.php\/wp-json\/wp\/v2\/categories?post=9940"},{"taxonomy":"post_tag","embeddable":true,"href":"https:\/\/centralmedia.rs\/index.php\/wp-json\/wp\/v2\/tags?post=9940"}],"curies":[{"name":"wp","href":"https:\/\/api.w.org\/{rel}","templated":true}]}}