{"id":9958,"date":"2017-10-05T20:44:48","date_gmt":"2017-10-05T20:44:48","guid":{"rendered":"http:\/\/centralmedia.rs\/?p=9958"},"modified":"2017-10-05T20:45:11","modified_gmt":"2017-10-05T20:45:11","slug":"dan-opstine-cuprije","status":"publish","type":"post","link":"https:\/\/centralmedia.rs\/index.php\/2017\/10\/05\/dan-opstine-cuprije\/","title":{"rendered":"DAN OP\u0160TINE \u0106UPRIJE"},"content":{"rendered":"<p>\u0106URIJA-Dan op\u0161tine \u0106uprije 13. oktobar bi\u0107e obele\u017een nizom kulturnih i sportskih manifestacija od 11. do 14. oktobra. Reprezentativnom izlo\u017ebom slika Nade\u017ede Petrovi\u0107 11. oktobra u 19 sati u Muzeju Horeum Margi &#8211; Ravno. Tradicionalna 72. Uli\u010dna trka ,,Memorijal Aleksandsar Petrovi\u0107&#8221; bi\u0107e odr\u017eana 12. oktobra u 17 sati. Sve\u010dana akademija je 13. oktobra u 12 sati u sali \u0160OMO Du\u0161an Skovran, pre toga bi\u0107e polo\u017eeni venci na spomenike \u017ertvama prvog i drugog svetskog rata. Pozori\u0161na predstava Frenki i D\u017eoni bi\u0107e odigrana 12. oktobra u 20 sati u sali \u0160OMO, koncert Ane \u0160tajdohar je na gradskom trgu 13. oktobra u 20 sati.<\/p>\n","protected":false},"excerpt":{"rendered":"<p>\u0106URIJA-Dan op\u0161tine \u0106uprije 13. oktobar bi\u0107e obele\u017een nizom kulturnih i sportskih manifestacija od 11. do 14. oktobra. Reprezentativnom izlo\u017ebom slika Nade\u017ede Petrovi\u0107 11. oktobra u &hellip; <\/p>\n","protected":false},"author":4,"featured_media":9959,"comment_status":"open","ping_status":"open","sticky":false,"template":"","format":"standard","meta":{"footnotes":""},"categories":[1515,14,1524,2,887,12],"tags":[2369,2368],"_links":{"self":[{"href":"https:\/\/centralmedia.rs\/index.php\/wp-json\/wp\/v2\/posts\/9958"}],"collection":[{"href":"https:\/\/centralmedia.rs\/index.php\/wp-json\/wp\/v2\/posts"}],"about":[{"href":"https:\/\/centralmedia.rs\/index.php\/wp-json\/wp\/v2\/types\/post"}],"author":[{"embeddable":true,"href":"https:\/\/centralmedia.rs\/index.php\/wp-json\/wp\/v2\/users\/4"}],"replies":[{"embeddable":true,"href":"https:\/\/centralmedia.rs\/index.php\/wp-json\/wp\/v2\/comments?post=9958"}],"version-history":[{"count":2,"href":"https:\/\/centralmedia.rs\/index.php\/wp-json\/wp\/v2\/posts\/9958\/revisions"}],"predecessor-version":[{"id":9961,"href":"https:\/\/centralmedia.rs\/index.php\/wp-json\/wp\/v2\/posts\/9958\/revisions\/9961"}],"wp:featuredmedia":[{"embeddable":true,"href":"https:\/\/centralmedia.rs\/index.php\/wp-json\/wp\/v2\/media\/9959"}],"wp:attachment":[{"href":"https:\/\/centralmedia.rs\/index.php\/wp-json\/wp\/v2\/media?parent=9958"}],"wp:term":[{"taxonomy":"category","embeddable":true,"href":"https:\/\/centralmedia.rs\/index.php\/wp-json\/wp\/v2\/categories?post=9958"},{"taxonomy":"post_tag","embeddable":true,"href":"https:\/\/centralmedia.rs\/index.php\/wp-json\/wp\/v2\/tags?post=9958"}],"curies":[{"name":"wp","href":"https:\/\/api.w.org\/{rel}","templated":true}]}}