{"id":9987,"date":"2017-10-06T09:28:20","date_gmt":"2017-10-06T09:28:20","guid":{"rendered":"http:\/\/centralmedia.rs\/?p=9987"},"modified":"2017-10-06T09:28:20","modified_gmt":"2017-10-06T09:28:20","slug":"snimanje-filmskog-serijala-koreni-krecu-iz-racnika-kod-jagodine","status":"publish","type":"post","link":"https:\/\/centralmedia.rs\/index.php\/2017\/10\/06\/snimanje-filmskog-serijala-koreni-krecu-iz-racnika-kod-jagodine\/","title":{"rendered":"SNIMANJE FILMSKOG SERIJALA-,,KORENI&#8221; KRE\u0106U IZ RA\u010cNIKA KOD JAGODINE"},"content":{"rendered":"<p>JAGODINA-Radio-televizija Srbije i produkcija &#8220;Eye to eye&#8221; po\u010dele su danas u jagodinskim selima Gornjem Ra\u010dniku i Bagrdanu snimanje serije po romanu &#8220;Koreni&#8221; Dobrice \u0106osi\u0107a.<\/p>\n<p>-Drago mi je da se moj dugogodi\u0161nji napor da ku\u0107u predaka sa\u010duvam od propadanja i promovi\u0161em, kao i celo moje selo u kome je sa\u010duvana \u00a0srpska arhitekturu, prepoznao scenograf Mile Jeremi\u0107 i odabrao ba\u0161 nas. A najmilije \u0107e mi biti kada slede\u0107e godine oktobra budem gledao deset epizoda serije na RTS-u i na\u0161e ku\u0107e koje \u0107e tako zauvek biti zapisane i otrgnute od zaborava. Lepa pri\u010da je za Jagodinu, ali i za Gornji Ra\u010dnik u kome je napravljeno malo filmsko selo, ka\u017ee Dragan Gligorijevi\u0107, koji je obnovio ku\u0107u svojih predaka iz 19. veka.<\/p>\n<div id='gallery-1' class='gallery galleryid-9987 gallery-columns-6 gallery-size-thumbnail'><figure class='gallery-item'>\n\t\t\t<div class='gallery-icon landscape'>\n\t\t\t\t<a href='https:\/\/centralmedia.rs\/index.php\/2017\/10\/06\/snimanje-filmskog-serijala-koreni-krecu-iz-racnika-kod-jagodine\/racnik-1\/'><img loading=\"lazy\" decoding=\"async\" width=\"150\" height=\"150\" src=\"https:\/\/centralmedia.rs\/wp-content\/uploads\/2017\/10\/racnik-1-150x150.jpg\" class=\"attachment-thumbnail size-thumbnail\" alt=\"\" \/><\/a>\n\t\t\t<\/div><\/figure><figure class='gallery-item'>\n\t\t\t<div class='gallery-icon landscape'>\n\t\t\t\t<a href='https:\/\/centralmedia.rs\/index.php\/2017\/10\/06\/snimanje-filmskog-serijala-koreni-krecu-iz-racnika-kod-jagodine\/racnik-2\/'><img loading=\"lazy\" decoding=\"async\" width=\"150\" height=\"150\" src=\"https:\/\/centralmedia.rs\/wp-content\/uploads\/2017\/10\/racnik-2-150x150.jpg\" class=\"attachment-thumbnail size-thumbnail\" alt=\"\" \/><\/a>\n\t\t\t<\/div><\/figure><figure class='gallery-item'>\n\t\t\t<div class='gallery-icon landscape'>\n\t\t\t\t<a href='https:\/\/centralmedia.rs\/index.php\/2017\/10\/06\/snimanje-filmskog-serijala-koreni-krecu-iz-racnika-kod-jagodine\/racnik-3\/'><img loading=\"lazy\" decoding=\"async\" width=\"150\" height=\"150\" src=\"https:\/\/centralmedia.rs\/wp-content\/uploads\/2017\/10\/racnik-3-150x150.jpg\" class=\"attachment-thumbnail size-thumbnail\" alt=\"\" \/><\/a>\n\t\t\t<\/div><\/figure><figure class='gallery-item'>\n\t\t\t<div class='gallery-icon landscape'>\n\t\t\t\t<a href='https:\/\/centralmedia.rs\/index.php\/2017\/10\/06\/snimanje-filmskog-serijala-koreni-krecu-iz-racnika-kod-jagodine\/racnik-4\/'><img loading=\"lazy\" decoding=\"async\" width=\"150\" height=\"150\" src=\"https:\/\/centralmedia.rs\/wp-content\/uploads\/2017\/10\/racnik-4-150x150.jpg\" class=\"attachment-thumbnail size-thumbnail\" alt=\"\" \/><\/a>\n\t\t\t<\/div><\/figure><figure class='gallery-item'>\n\t\t\t<div class='gallery-icon landscape'>\n\t\t\t\t<a href='https:\/\/centralmedia.rs\/index.php\/2017\/10\/06\/snimanje-filmskog-serijala-koreni-krecu-iz-racnika-kod-jagodine\/racnik-5\/'><img loading=\"lazy\" decoding=\"async\" width=\"150\" height=\"150\" src=\"https:\/\/centralmedia.rs\/wp-content\/uploads\/2017\/10\/racnik-5-150x150.jpg\" class=\"attachment-thumbnail size-thumbnail\" alt=\"\" \/><\/a>\n\t\t\t<\/div><\/figure><figure class='gallery-item'>\n\t\t\t<div class='gallery-icon landscape'>\n\t\t\t\t<a href='https:\/\/centralmedia.rs\/index.php\/2017\/10\/06\/snimanje-filmskog-serijala-koreni-krecu-iz-racnika-kod-jagodine\/racnik\/'><img loading=\"lazy\" decoding=\"async\" width=\"150\" height=\"150\" src=\"https:\/\/centralmedia.rs\/wp-content\/uploads\/2017\/10\/racnik-150x150.jpg\" class=\"attachment-thumbnail size-thumbnail\" alt=\"\" \/><\/a>\n\t\t\t<\/div><\/figure>\n\t\t<\/div>\n\n<p>U seriji \u0107e igrati \u017darko Lau\u0161evi\u0107, Sloboda Mi\u0107alovi\u0107, Bogdan Dikli\u0107, Dara \u0110oki\u0107, Nenad Jezdi\u0107, Goran \u0160u\u0161ljik i drugi. Producent je Goran \u0160u\u0161ljik, re\u017eiser Ivan \u017divkovi\u0107, a scenograf Mile Jeremi\u0107. Serija \u0107e biti snimana i u Jagodini i Kru\u0161evcu.<\/p>\n<div id='gallery-2' class='gallery galleryid-9987 gallery-columns-2 gallery-size-full'><figure class='gallery-item'>\n\t\t\t<div class='gallery-icon portrait'>\n\t\t\t\t<a href='https:\/\/centralmedia.rs\/index.php\/2017\/10\/06\/snimanje-filmskog-serijala-koreni-krecu-iz-racnika-kod-jagodine\/racnik-6\/'><img loading=\"lazy\" decoding=\"async\" width=\"528\" height=\"960\" src=\"https:\/\/centralmedia.rs\/wp-content\/uploads\/2017\/10\/racnik-6.jpg\" class=\"attachment-full size-full\" alt=\"\" srcset=\"https:\/\/centralmedia.rs\/wp-content\/uploads\/2017\/10\/racnik-6.jpg 528w, https:\/\/centralmedia.rs\/wp-content\/uploads\/2017\/10\/racnik-6-165x300.jpg 165w\" sizes=\"(max-width: 528px) 100vw, 528px\" \/><\/a>\n\t\t\t<\/div><\/figure><figure class='gallery-item'>\n\t\t\t<div class='gallery-icon portrait'>\n\t\t\t\t<a href='https:\/\/centralmedia.rs\/index.php\/2017\/10\/06\/snimanje-filmskog-serijala-koreni-krecu-iz-racnika-kod-jagodine\/racnik-7\/'><img loading=\"lazy\" decoding=\"async\" width=\"528\" height=\"960\" src=\"https:\/\/centralmedia.rs\/wp-content\/uploads\/2017\/10\/racnik-7.jpg\" class=\"attachment-full size-full\" alt=\"\" srcset=\"https:\/\/centralmedia.rs\/wp-content\/uploads\/2017\/10\/racnik-7.jpg 528w, https:\/\/centralmedia.rs\/wp-content\/uploads\/2017\/10\/racnik-7-165x300.jpg 165w\" sizes=\"(max-width: 528px) 100vw, 528px\" \/><\/a>\n\t\t\t<\/div><\/figure>\n\t\t<\/div>\n\n<p>Pri\u010da je sme\u0161tena na kraj 19. veka, u srpsko selo u kojem \u017eivi radikalski vo\u0111a A\u0107im Kati\u0107 sa sinovima Vuka\u0161inom i \u0110or\u0111em. Vuka\u0161in se vra\u0107a sa \u0161kolovanja u inostranstvu i saop\u0161tava ocu da namerava da se o\u017eeni \u0107erkom njegovog politi\u010dkog neprijatelja, zbog \u010dega ga se otac odri\u010de. Istovremeno, \u0110or\u0111e, koji \u010desto pije, izbacuje iz ku\u0107e suprugu Simku sa kojom je 15 godina u braku, ali nemaju dece. Simka odlu\u010duje da zatrudni sa jednim od njegovih sluga, a otac, besan zbog sva\u0111e sa miljenikom Vuka\u0161inom, organizuje selja\u010dku bunu.<\/p>\n<p>Romanom objavljenim 1954. godine , \u0106osi\u0107 je zapo\u010deo svojevrsni serijal koji prati de\u0161avanja u \u017eivotima potomaka porodice Kati\u0107, u kojem su &#8220;Deobe&#8221;, &#8220;Vreme smrti&#8221;, &#8220;Vreme zla&#8221;, &#8220;Vreme vlasti&#8221;&#8230;<\/p>\n<p>Fotografije: Dragan Gligorijevi\u0107<\/p>\n","protected":false},"excerpt":{"rendered":"<p>JAGODINA-Radio-televizija Srbije i produkcija &#8220;Eye to eye&#8221; po\u010dele su danas u jagodinskim selima Gornjem Ra\u010dniku i Bagrdanu snimanje serije po romanu &#8220;Koreni&#8221; Dobrice \u0106osi\u0107a. -Drago &hellip; <\/p>\n","protected":false},"author":4,"featured_media":9988,"comment_status":"open","ping_status":"open","sticky":false,"template":"","format":"standard","meta":{"footnotes":""},"categories":[1524,2,1514,15,12],"tags":[2377,2378,58,2376],"_links":{"self":[{"href":"https:\/\/centralmedia.rs\/index.php\/wp-json\/wp\/v2\/posts\/9987"}],"collection":[{"href":"https:\/\/centralmedia.rs\/index.php\/wp-json\/wp\/v2\/posts"}],"about":[{"href":"https:\/\/centralmedia.rs\/index.php\/wp-json\/wp\/v2\/types\/post"}],"author":[{"embeddable":true,"href":"https:\/\/centralmedia.rs\/index.php\/wp-json\/wp\/v2\/users\/4"}],"replies":[{"embeddable":true,"href":"https:\/\/centralmedia.rs\/index.php\/wp-json\/wp\/v2\/comments?post=9987"}],"version-history":[{"count":1,"href":"https:\/\/centralmedia.rs\/index.php\/wp-json\/wp\/v2\/posts\/9987\/revisions"}],"predecessor-version":[{"id":9997,"href":"https:\/\/centralmedia.rs\/index.php\/wp-json\/wp\/v2\/posts\/9987\/revisions\/9997"}],"wp:featuredmedia":[{"embeddable":true,"href":"https:\/\/centralmedia.rs\/index.php\/wp-json\/wp\/v2\/media\/9988"}],"wp:attachment":[{"href":"https:\/\/centralmedia.rs\/index.php\/wp-json\/wp\/v2\/media?parent=9987"}],"wp:term":[{"taxonomy":"category","embeddable":true,"href":"https:\/\/centralmedia.rs\/index.php\/wp-json\/wp\/v2\/categories?post=9987"},{"taxonomy":"post_tag","embeddable":true,"href":"https:\/\/centralmedia.rs\/index.php\/wp-json\/wp\/v2\/tags?post=9987"}],"curies":[{"name":"wp","href":"https:\/\/api.w.org\/{rel}","templated":true}]}}