{"id":6002,"count":1,"description":"","link":"https:\/\/centralmedia.rs\/index.php\/tag\/zrtve-komunistickog-rezima\/","name":"\u017ertve komunisti\u010dkog re\u017eima","slug":"zrtve-komunistickog-rezima","taxonomy":"post_tag","meta":[],"_links":{"self":[{"href":"https:\/\/centralmedia.rs\/index.php\/wp-json\/wp\/v2\/tags\/6002"}],"collection":[{"href":"https:\/\/centralmedia.rs\/index.php\/wp-json\/wp\/v2\/tags"}],"about":[{"href":"https:\/\/centralmedia.rs\/index.php\/wp-json\/wp\/v2\/taxonomies\/post_tag"}],"wp:post_type":[{"href":"https:\/\/centralmedia.rs\/index.php\/wp-json\/wp\/v2\/posts?tags=6002"}],"curies":[{"name":"wp","href":"https:\/\/api.w.org\/{rel}","templated":true}]}}